{"id":58641,"date":"2025-07-05T16:56:55","date_gmt":"2025-07-05T14:56:55","guid":{"rendered":"https:\/\/www.levriers-du-sud.org\/site\/?p=58641"},"modified":"2025-07-05T16:56:55","modified_gmt":"2025-07-05T14:56:55","slug":"merci-ayuda","status":"publish","type":"post","link":"https:\/\/www.levriers-du-sud.org\/site\/05\/07\/2025\/merci-ayuda\/","title":{"rendered":"Merci AYUDA"},"content":{"rendered":"<p>Je tiens \u00e0 remercier particuli\u00e8rement l&rsquo;association Ayuda, Christine, Monika , Alain et son copilote pour avoir accepter de nous transporter Camo un chien adopt\u00e9 qui n&rsquo;avait pas la possibilit\u00e9 de rejoindre son adoptante , c&rsquo;est avec s\u00e9rieux et surtout gentillesse que cette main nous a \u00e9t\u00e9 tendue.<\/p>\n<p>Comme quoi les associations de sauvetage de L\u00e9vriers peuvent aussi s&rsquo;aider &#8230;.<\/p>\n<p>Merci Mille fois pour lui.<\/p>\n<p><img loading=\"lazy\" decoding=\"async\" class=\"size-medium wp-image-58642 aligncenter\" src=\"https:\/\/www.levriers-du-sud.org\/site\/wp-content\/uploads\/2025\/07\/IMG-20250705-WA0015-225x300.jpg\" alt=\"\" width=\"225\" height=\"300\" srcset=\"https:\/\/www.levriers-du-sud.org\/site\/wp-content\/uploads\/2025\/07\/IMG-20250705-WA0015-225x300.jpg 225w, https:\/\/www.levriers-du-sud.org\/site\/wp-content\/uploads\/2025\/07\/IMG-20250705-WA0015-769x1024.jpg 769w, https:\/\/www.levriers-du-sud.org\/site\/wp-content\/uploads\/2025\/07\/IMG-20250705-WA0015-768x1023.jpg 768w, https:\/\/www.levriers-du-sud.org\/site\/wp-content\/uploads\/2025\/07\/IMG-20250705-WA0015-1153x1536.jpg 1153w, https:\/\/www.levriers-du-sud.org\/site\/wp-content\/uploads\/2025\/07\/IMG-20250705-WA0015.jpg 1201w\" sizes=\"auto, (max-width: 225px) 100vw, 225px\" \/><\/p>\n","protected":false},"excerpt":{"rendered":"<p>Je tiens \u00e0 remercier particuli\u00e8rement l&rsquo;association Ayuda, Christine, Monika , Alain et son copilote pour avoir accepter de nous transporter Camo un chien adopt\u00e9 qui n&rsquo;avait pas la possibilit\u00e9 de rejoindre son adoptante , c&rsquo;est avec s\u00e9rieux et surtout gentillesse que cette main nous a \u00e9t\u00e9 tendue. Comme quoi les associations de sauvetage de L\u00e9vriers [&hellip;]<\/p>\n","protected":false},"author":1,"featured_media":0,"comment_status":"open","ping_status":"open","sticky":false,"template":"","format":"standard","meta":{"footnotes":""},"categories":[1],"tags":[],"class_list":["post-58641","post","type-post","status-publish","format-standard","hentry","category-non-classe"],"aioseo_notices":[],"_links":{"self":[{"href":"https:\/\/www.levriers-du-sud.org\/site\/wp-json\/wp\/v2\/posts\/58641","targetHints":{"allow":["GET"]}}],"collection":[{"href":"https:\/\/www.levriers-du-sud.org\/site\/wp-json\/wp\/v2\/posts"}],"about":[{"href":"https:\/\/www.levriers-du-sud.org\/site\/wp-json\/wp\/v2\/types\/post"}],"author":[{"embeddable":true,"href":"https:\/\/www.levriers-du-sud.org\/site\/wp-json\/wp\/v2\/users\/1"}],"replies":[{"embeddable":true,"href":"https:\/\/www.levriers-du-sud.org\/site\/wp-json\/wp\/v2\/comments?post=58641"}],"version-history":[{"count":0,"href":"https:\/\/www.levriers-du-sud.org\/site\/wp-json\/wp\/v2\/posts\/58641\/revisions"}],"wp:attachment":[{"href":"https:\/\/www.levriers-du-sud.org\/site\/wp-json\/wp\/v2\/media?parent=58641"}],"wp:term":[{"taxonomy":"category","embeddable":true,"href":"https:\/\/www.levriers-du-sud.org\/site\/wp-json\/wp\/v2\/categories?post=58641"},{"taxonomy":"post_tag","embeddable":true,"href":"https:\/\/www.levriers-du-sud.org\/site\/wp-json\/wp\/v2\/tags?post=58641"}],"curies":[{"name":"wp","href":"https:\/\/api.w.org\/{rel}","templated":true}]}}