{"id":58647,"date":"2025-08-26T17:07:38","date_gmt":"2025-08-26T15:07:38","guid":{"rendered":"https:\/\/www.levriers-du-sud.org\/site\/?p=58647"},"modified":"2025-10-04T15:23:22","modified_gmt":"2025-10-04T13:23:22","slug":"jackson-a-notre-charge","status":"publish","type":"post","link":"https:\/\/www.levriers-du-sud.org\/site\/26\/08\/2025\/jackson-a-notre-charge\/","title":{"rendered":"Jackson \u00e0 notre charge adopt\u00e9"},"content":{"rendered":"<p><strong>Type :<\/strong>\u00a0 Galgo<br \/>\n<strong>Sexe : M\u00e2le<\/strong><br \/>\n<strong>Age : 4 ans et demi<\/strong><br \/>\n<strong>Sant\u00e9 : Castr\u00e9, vaccin\u00e9 et identifi\u00e9, test\u00e9 aux 3 MM<\/strong><strong><br \/>\nSituation: En refuge acunr pension 55 euros par mois<\/strong><\/p>\n<p>Test chat \u00e0 pr\u00e9voir<\/p>\n<p>Commentaires :\u00a0 Jackson a \u00e9t\u00e9 r\u00e9cup\u00e9r\u00e9 chez un galguero avec son compagnon Deejay. Le chasseur \u00e9tait participatif pour la r\u00e9cup\u00e9ration des chiens mais cela a \u00e9t\u00e9 laborieux au niveau de l&rsquo;organisation avec notre transporteur Pedro. Le sos de Maribel pour sauver ces deux galgos a pu se terminer par le sauvetage de Jackson et Deejay. Jackson a un bout de queue en moins , attaqu\u00e9 par un un chien cat\u00e9goris\u00e9 , il a fallu l&rsquo;amputer (dire du chasseur). Il est tr\u00e8s sociable , de grand gabarit . Et serait un merveilleux compagnon pour une famille qui voudrait bien lui tendre la main.<\/p>\n<p>&nbsp;<\/p>\n<p>.<img loading=\"lazy\" decoding=\"async\" class=\"alignnone size-medium wp-image-58648\" src=\"https:\/\/www.levriers-du-sud.org\/site\/wp-content\/uploads\/2025\/07\/Jackson-300x199.jpg\" alt=\"\" width=\"300\" height=\"199\" srcset=\"https:\/\/www.levriers-du-sud.org\/site\/wp-content\/uploads\/2025\/07\/Jackson-300x199.jpg 300w, https:\/\/www.levriers-du-sud.org\/site\/wp-content\/uploads\/2025\/07\/Jackson.jpg 594w\" sizes=\"auto, (max-width: 300px) 100vw, 300px\" \/> <img loading=\"lazy\" decoding=\"async\" class=\"alignnone size-medium wp-image-58649\" src=\"https:\/\/www.levriers-du-sud.org\/site\/wp-content\/uploads\/2025\/07\/Jackson1-199x300.jpg\" alt=\"\" width=\"199\" height=\"300\" srcset=\"https:\/\/www.levriers-du-sud.org\/site\/wp-content\/uploads\/2025\/07\/Jackson1-199x300.jpg 199w, https:\/\/www.levriers-du-sud.org\/site\/wp-content\/uploads\/2025\/07\/Jackson1-681x1024.jpg 681w, https:\/\/www.levriers-du-sud.org\/site\/wp-content\/uploads\/2025\/07\/Jackson1-768x1156.jpg 768w, https:\/\/www.levriers-du-sud.org\/site\/wp-content\/uploads\/2025\/07\/Jackson1-1021x1536.jpg 1021w, https:\/\/www.levriers-du-sud.org\/site\/wp-content\/uploads\/2025\/07\/Jackson1.jpg 1361w\" sizes=\"auto, (max-width: 199px) 100vw, 199px\" \/> <img loading=\"lazy\" decoding=\"async\" class=\"alignnone size-medium wp-image-58650\" src=\"https:\/\/www.levriers-du-sud.org\/site\/wp-content\/uploads\/2025\/07\/Jackson2-300x199.jpg\" alt=\"\" width=\"300\" height=\"199\" srcset=\"https:\/\/www.levriers-du-sud.org\/site\/wp-content\/uploads\/2025\/07\/Jackson2-300x199.jpg 300w, https:\/\/www.levriers-du-sud.org\/site\/wp-content\/uploads\/2025\/07\/Jackson2-1024x681.jpg 1024w, https:\/\/www.levriers-du-sud.org\/site\/wp-content\/uploads\/2025\/07\/Jackson2-768x510.jpg 768w, https:\/\/www.levriers-du-sud.org\/site\/wp-content\/uploads\/2025\/07\/Jackson2-1536x1021.jpg 1536w, https:\/\/www.levriers-du-sud.org\/site\/wp-content\/uploads\/2025\/07\/Jackson2.jpg 2048w\" sizes=\"auto, (max-width: 300px) 100vw, 300px\" \/><\/p>\n","protected":false},"excerpt":{"rendered":"<p>Type :\u00a0 Galgo Sexe : M\u00e2le Age : 4 ans et demi Sant\u00e9 : Castr\u00e9, vaccin\u00e9 et identifi\u00e9, test\u00e9 aux 3 MM Situation: En refuge acunr pension 55 euros par mois Test chat \u00e0 pr\u00e9voir Commentaires :\u00a0 Jackson a \u00e9t\u00e9 r\u00e9cup\u00e9r\u00e9 chez un galguero avec son compagnon Deejay. Le chasseur \u00e9tait participatif pour la r\u00e9cup\u00e9ration [&hellip;]<\/p>\n","protected":false},"author":1,"featured_media":0,"comment_status":"open","ping_status":"open","sticky":false,"template":"","format":"standard","meta":{"footnotes":""},"categories":[23,29,5,19,13,4],"tags":[],"class_list":["post-58647","post","type-post","status-publish","format-standard","hentry","category-3-maladies-mediterraneennes","category-chiens_a_notre_charge","category-galgos","category-galgos-adoptes","category-ok-chiens","category-urgences"],"aioseo_notices":[],"_links":{"self":[{"href":"https:\/\/www.levriers-du-sud.org\/site\/wp-json\/wp\/v2\/posts\/58647","targetHints":{"allow":["GET"]}}],"collection":[{"href":"https:\/\/www.levriers-du-sud.org\/site\/wp-json\/wp\/v2\/posts"}],"about":[{"href":"https:\/\/www.levriers-du-sud.org\/site\/wp-json\/wp\/v2\/types\/post"}],"author":[{"embeddable":true,"href":"https:\/\/www.levriers-du-sud.org\/site\/wp-json\/wp\/v2\/users\/1"}],"replies":[{"embeddable":true,"href":"https:\/\/www.levriers-du-sud.org\/site\/wp-json\/wp\/v2\/comments?post=58647"}],"version-history":[{"count":0,"href":"https:\/\/www.levriers-du-sud.org\/site\/wp-json\/wp\/v2\/posts\/58647\/revisions"}],"wp:attachment":[{"href":"https:\/\/www.levriers-du-sud.org\/site\/wp-json\/wp\/v2\/media?parent=58647"}],"wp:term":[{"taxonomy":"category","embeddable":true,"href":"https:\/\/www.levriers-du-sud.org\/site\/wp-json\/wp\/v2\/categories?post=58647"},{"taxonomy":"post_tag","embeddable":true,"href":"https:\/\/www.levriers-du-sud.org\/site\/wp-json\/wp\/v2\/tags?post=58647"}],"curies":[{"name":"wp","href":"https:\/\/api.w.org\/{rel}","templated":true}]}}