{"id":58678,"date":"2025-07-19T16:36:31","date_gmt":"2025-07-19T14:36:31","guid":{"rendered":"https:\/\/www.levriers-du-sud.org\/site\/?p=58678"},"modified":"2026-01-06T22:56:49","modified_gmt":"2026-01-06T20:56:49","slug":"tomy-acunr","status":"publish","type":"post","link":"https:\/\/www.levriers-du-sud.org\/site\/19\/07\/2025\/tomy-acunr\/","title":{"rendered":"Tomy (Acunr) adopt\u00e9"},"content":{"rendered":"<p><strong>Type :<\/strong>\u00a0 Podenco<br \/>\n<strong>Sexe : Male<\/strong><br \/>\n<strong>Age : 9 ans<\/strong><br \/>\n<strong>Sant\u00e9 : Castr\u00e9, vaccin\u00e9 et identifi\u00e9, test\u00e9 aux 3 MM(n\u00e9gatif)<\/strong><strong><br \/>\nSituation: En refuge Acunr<\/strong><\/p>\n<p>Test chat \u00e0 pr\u00e9voir<\/p>\n<p>Commentaires :<\/p>\n<div class=\"xdj266r x14z9mp xat24cr x1lziwak x1vvkbs x126k92a\">\n<div dir=\"auto\">TOMY &#8211; 8 ANS ET 11 MOIS &#8211; \u00c0 L&rsquo;ADOPTION L\u00c9VRIERS DU SUD &#8211; REFUGE ACUNR<\/div>\n<\/div>\n<div class=\"x14z9mp xat24cr x1lziwak x1vvkbs xtlvy1s x126k92a\">\n<div dir=\"auto\">TOMY est un petit podenco de presque 9 ans.<\/div>\n<\/div>\n<div class=\"x14z9mp xat24cr x1lziwak x1vvkbs xtlvy1s x126k92a\">\n<div dir=\"auto\">HISTOIRE : TOMY a \u00e9t\u00e9 abandonn\u00e9 par son ancien propri\u00e9taire avec son fils Max, aussi \u00e0 l&rsquo;adoption.<\/div>\n<\/div>\n<div class=\"x14z9mp xat24cr x1lziwak x1vvkbs xtlvy1s x126k92a\">\n<div dir=\"auto\">CARACT\u00c8RE : TOMY est arriv\u00e9 au refuge triste, avec un regard qui transper\u00e7ait le c\u0153ur, mais avec le temps il est devenu un chien merveilleux. Il est tr\u00e8s reconnaissant et tendre, il adore les caresses et demande amour et attention. C&rsquo;est un chien gentil et heureux, et joueur.<\/div>\n<\/div>\n<div dir=\"auto\"><img loading=\"lazy\" decoding=\"async\" class=\"size-medium wp-image-58679 alignleft\" src=\"https:\/\/www.levriers-du-sud.org\/site\/wp-content\/uploads\/2025\/07\/Tomy-259x300.jpg\" alt=\"\" width=\"259\" height=\"300\" srcset=\"https:\/\/www.levriers-du-sud.org\/site\/wp-content\/uploads\/2025\/07\/Tomy-259x300.jpg 259w, https:\/\/www.levriers-du-sud.org\/site\/wp-content\/uploads\/2025\/07\/Tomy.jpg 593w\" sizes=\"auto, (max-width: 259px) 100vw, 259px\" \/><\/div>\n<div dir=\"auto\"><\/div>\n<div dir=\"auto\"><\/div>\n<div dir=\"auto\"><\/div>\n<div dir=\"auto\">\u00a0<img loading=\"lazy\" decoding=\"async\" class=\"alignnone size-medium wp-image-58681\" src=\"https:\/\/www.levriers-du-sud.org\/site\/wp-content\/uploads\/2025\/07\/Tomy2-300x234.jpg\" alt=\"\" width=\"300\" height=\"234\" srcset=\"https:\/\/www.levriers-du-sud.org\/site\/wp-content\/uploads\/2025\/07\/Tomy2-300x234.jpg 300w, https:\/\/www.levriers-du-sud.org\/site\/wp-content\/uploads\/2025\/07\/Tomy2-1024x797.jpg 1024w, https:\/\/www.levriers-du-sud.org\/site\/wp-content\/uploads\/2025\/07\/Tomy2-768x598.jpg 768w, https:\/\/www.levriers-du-sud.org\/site\/wp-content\/uploads\/2025\/07\/Tomy2.jpg 1071w\" sizes=\"auto, (max-width: 300px) 100vw, 300px\" \/><\/div>\n<div dir=\"auto\"><\/div>\n<div dir=\"auto\"><img loading=\"lazy\" decoding=\"async\" class=\"alignnone size-medium wp-image-58680\" src=\"https:\/\/www.levriers-du-sud.org\/site\/wp-content\/uploads\/2025\/07\/Tomy1-300x217.jpg\" alt=\"\" width=\"300\" height=\"217\" srcset=\"https:\/\/www.levriers-du-sud.org\/site\/wp-content\/uploads\/2025\/07\/Tomy1-300x217.jpg 300w, https:\/\/www.levriers-du-sud.org\/site\/wp-content\/uploads\/2025\/07\/Tomy1-1024x740.jpg 1024w, https:\/\/www.levriers-du-sud.org\/site\/wp-content\/uploads\/2025\/07\/Tomy1-768x555.jpg 768w, https:\/\/www.levriers-du-sud.org\/site\/wp-content\/uploads\/2025\/07\/Tomy1.jpg 1151w\" sizes=\"auto, (max-width: 300px) 100vw, 300px\" \/><img loading=\"lazy\" decoding=\"async\" class=\"alignnone size-medium wp-image-58682\" src=\"https:\/\/www.levriers-du-sud.org\/site\/wp-content\/uploads\/2025\/07\/Tomy3-300x234.jpg\" alt=\"\" width=\"300\" height=\"234\" srcset=\"https:\/\/www.levriers-du-sud.org\/site\/wp-content\/uploads\/2025\/07\/Tomy3-300x234.jpg 300w, https:\/\/www.levriers-du-sud.org\/site\/wp-content\/uploads\/2025\/07\/Tomy3-1024x797.jpg 1024w, https:\/\/www.levriers-du-sud.org\/site\/wp-content\/uploads\/2025\/07\/Tomy3-768x598.jpg 768w, https:\/\/www.levriers-du-sud.org\/site\/wp-content\/uploads\/2025\/07\/Tomy3.jpg 1130w\" sizes=\"auto, (max-width: 300px) 100vw, 300px\" \/><\/div>\n","protected":false},"excerpt":{"rendered":"<p>Type :\u00a0 Podenco Sexe : Male Age : 9 ans Sant\u00e9 : Castr\u00e9, vaccin\u00e9 et identifi\u00e9, test\u00e9 aux 3 MM(n\u00e9gatif) Situation: En refuge Acunr Test chat \u00e0 pr\u00e9voir Commentaires : TOMY &#8211; 8 ANS ET 11 MOIS &#8211; \u00c0 L&rsquo;ADOPTION L\u00c9VRIERS DU SUD &#8211; REFUGE ACUNR TOMY est un petit podenco de presque 9 ans. [&hellip;]<\/p>\n","protected":false},"author":1,"featured_media":0,"comment_status":"open","ping_status":"open","sticky":false,"template":"","format":"standard","meta":{"footnotes":""},"categories":[23,13,6,4],"tags":[],"class_list":["post-58678","post","type-post","status-publish","format-standard","hentry","category-3-maladies-mediterraneennes","category-ok-chiens","category-podencos","category-urgences"],"aioseo_notices":[],"_links":{"self":[{"href":"https:\/\/www.levriers-du-sud.org\/site\/wp-json\/wp\/v2\/posts\/58678","targetHints":{"allow":["GET"]}}],"collection":[{"href":"https:\/\/www.levriers-du-sud.org\/site\/wp-json\/wp\/v2\/posts"}],"about":[{"href":"https:\/\/www.levriers-du-sud.org\/site\/wp-json\/wp\/v2\/types\/post"}],"author":[{"embeddable":true,"href":"https:\/\/www.levriers-du-sud.org\/site\/wp-json\/wp\/v2\/users\/1"}],"replies":[{"embeddable":true,"href":"https:\/\/www.levriers-du-sud.org\/site\/wp-json\/wp\/v2\/comments?post=58678"}],"version-history":[{"count":0,"href":"https:\/\/www.levriers-du-sud.org\/site\/wp-json\/wp\/v2\/posts\/58678\/revisions"}],"wp:attachment":[{"href":"https:\/\/www.levriers-du-sud.org\/site\/wp-json\/wp\/v2\/media?parent=58678"}],"wp:term":[{"taxonomy":"category","embeddable":true,"href":"https:\/\/www.levriers-du-sud.org\/site\/wp-json\/wp\/v2\/categories?post=58678"},{"taxonomy":"post_tag","embeddable":true,"href":"https:\/\/www.levriers-du-sud.org\/site\/wp-json\/wp\/v2\/tags?post=58678"}],"curies":[{"name":"wp","href":"https:\/\/api.w.org\/{rel}","templated":true}]}}