{"id":58690,"date":"2025-07-21T16:27:26","date_gmt":"2025-07-21T14:27:26","guid":{"rendered":"https:\/\/www.levriers-du-sud.org\/site\/?p=58690"},"modified":"2025-08-26T17:23:43","modified_gmt":"2025-08-26T15:23:43","slug":"fanta-a-notre-charge-en-pension","status":"publish","type":"post","link":"https:\/\/www.levriers-du-sud.org\/site\/21\/07\/2025\/fanta-a-notre-charge-en-pension\/","title":{"rendered":"Fanta (\u00e0 notre charge en pension ) adopt\u00e9e"},"content":{"rendered":"<p><strong>Type :<\/strong> Podenca<br \/>\n<strong>Sexe : Femelle<\/strong><br \/>\n<strong>Age : 1 an<\/strong><br \/>\n<strong>Sant\u00e9 : <\/strong>St\u00e9rilis\u00e9e, Test\u00e9e 3 MM \/\u00a0 Hauteur 38, sociable, poids 7 kilos<strong><br \/>\nSituation: <\/strong>En pension (gratuite la responsable nous a demand\u00e9 de l&rsquo;aide pour la placer)<\/p>\n<p>Test chat \u00e0 v\u00e9rifier<\/p>\n<p>Commentaires : Fanta est une toute petite podenca qui a \u00e9t\u00e9 trouv\u00e9 mourante dans la rue par une personne \u00e2g\u00e9e. Elle a demand\u00e9 de l&rsquo;aide \u00e0 Julia la responsable d&rsquo;une pension familiale o\u00f9 nous mettions nos chiens. Aujourd&rsquo;hui Julia arr\u00eate la pension mais veut bien garder Fanta le mois de juillet et ao\u00fbt.<\/p>\n<p>Julia nous ayant demand\u00e9 un service pour la placer ne nous fait pas payer la pension.<\/p>\n<p>C&rsquo;est une petite chienne sociable qui a beaucoup souffert et manqu\u00e9 de nourriture d&rsquo;ailleurs quelques kilos sont \u00e0 prendre. Son regard si reconnaissant fait beaucoup de peine. C&rsquo;est un petit chien de poche qui conviendrait \u00e0 n&rsquo;importe quelle famille et elle m\u00e9rite un peu d&rsquo;attention , d&rsquo;amour et un panier moelleux .<\/p>\n<p><img loading=\"lazy\" decoding=\"async\" class=\"alignnone size-medium wp-image-58691\" src=\"https:\/\/www.levriers-du-sud.org\/site\/wp-content\/uploads\/2025\/07\/IMG-20250704-WA0015-142x300.jpg\" alt=\"\" width=\"142\" height=\"300\" srcset=\"https:\/\/www.levriers-du-sud.org\/site\/wp-content\/uploads\/2025\/07\/IMG-20250704-WA0015-142x300.jpg 142w, https:\/\/www.levriers-du-sud.org\/site\/wp-content\/uploads\/2025\/07\/IMG-20250704-WA0015-485x1024.jpg 485w, https:\/\/www.levriers-du-sud.org\/site\/wp-content\/uploads\/2025\/07\/IMG-20250704-WA0015-768x1622.jpg 768w, https:\/\/www.levriers-du-sud.org\/site\/wp-content\/uploads\/2025\/07\/IMG-20250704-WA0015-728x1536.jpg 728w, https:\/\/www.levriers-du-sud.org\/site\/wp-content\/uploads\/2025\/07\/IMG-20250704-WA0015.jpg 970w\" sizes=\"auto, (max-width: 142px) 100vw, 142px\" \/> <img loading=\"lazy\" decoding=\"async\" class=\"alignnone size-medium wp-image-58692\" src=\"https:\/\/www.levriers-du-sud.org\/site\/wp-content\/uploads\/2025\/07\/IMG-20250704-WA0019-225x300.jpg\" alt=\"\" width=\"225\" height=\"300\" srcset=\"https:\/\/www.levriers-du-sud.org\/site\/wp-content\/uploads\/2025\/07\/IMG-20250704-WA0019-225x300.jpg 225w, https:\/\/www.levriers-du-sud.org\/site\/wp-content\/uploads\/2025\/07\/IMG-20250704-WA0019-768x1024.jpg 768w, https:\/\/www.levriers-du-sud.org\/site\/wp-content\/uploads\/2025\/07\/IMG-20250704-WA0019-1152x1536.jpg 1152w, https:\/\/www.levriers-du-sud.org\/site\/wp-content\/uploads\/2025\/07\/IMG-20250704-WA0019.jpg 1536w\" sizes=\"auto, (max-width: 225px) 100vw, 225px\" \/> <img loading=\"lazy\" decoding=\"async\" class=\"alignnone size-medium wp-image-58693\" src=\"https:\/\/www.levriers-du-sud.org\/site\/wp-content\/uploads\/2025\/07\/IMG-20250704-WA0014-282x300.jpg\" alt=\"\" width=\"282\" height=\"300\" srcset=\"https:\/\/www.levriers-du-sud.org\/site\/wp-content\/uploads\/2025\/07\/IMG-20250704-WA0014-282x300.jpg 282w, https:\/\/www.levriers-du-sud.org\/site\/wp-content\/uploads\/2025\/07\/IMG-20250704-WA0014-962x1024.jpg 962w, https:\/\/www.levriers-du-sud.org\/site\/wp-content\/uploads\/2025\/07\/IMG-20250704-WA0014-768x817.jpg 768w, https:\/\/www.levriers-du-sud.org\/site\/wp-content\/uploads\/2025\/07\/IMG-20250704-WA0014-1443x1536.jpg 1443w, https:\/\/www.levriers-du-sud.org\/site\/wp-content\/uploads\/2025\/07\/IMG-20250704-WA0014.jpg 1924w\" sizes=\"auto, (max-width: 282px) 100vw, 282px\" \/> <img loading=\"lazy\" decoding=\"async\" class=\"alignnone size-medium wp-image-58694\" src=\"https:\/\/www.levriers-du-sud.org\/site\/wp-content\/uploads\/2025\/07\/IMG-20250704-WA0017-225x300.jpg\" alt=\"\" width=\"225\" height=\"300\" srcset=\"https:\/\/www.levriers-du-sud.org\/site\/wp-content\/uploads\/2025\/07\/IMG-20250704-WA0017-225x300.jpg 225w, https:\/\/www.levriers-du-sud.org\/site\/wp-content\/uploads\/2025\/07\/IMG-20250704-WA0017-768x1024.jpg 768w, https:\/\/www.levriers-du-sud.org\/site\/wp-content\/uploads\/2025\/07\/IMG-20250704-WA0017-1152x1536.jpg 1152w, https:\/\/www.levriers-du-sud.org\/site\/wp-content\/uploads\/2025\/07\/IMG-20250704-WA0017.jpg 1536w\" sizes=\"auto, (max-width: 225px) 100vw, 225px\" \/><\/p>\n<div style=\"width: 848px;\" class=\"wp-video\"><!--[if lt IE 9]><script>document.createElement('video');<\/script><![endif]-->\n<video class=\"wp-video-shortcode\" id=\"video-58690-1\" width=\"848\" height=\"480\" preload=\"metadata\" controls=\"controls\"><source type=\"video\/mp4\" src=\"https:\/\/www.levriers-du-sud.org\/site\/wp-content\/uploads\/2025\/07\/VID-20250704-WA0020.mp4?_=1\" \/><a href=\"https:\/\/www.levriers-du-sud.org\/site\/wp-content\/uploads\/2025\/07\/VID-20250704-WA0020.mp4\">https:\/\/www.levriers-du-sud.org\/site\/wp-content\/uploads\/2025\/07\/VID-20250704-WA0020.mp4<\/a><\/video><\/div>\n<p>&nbsp;<\/p>\n","protected":false},"excerpt":{"rendered":"<p>Type : Podenca Sexe : Femelle Age : 1 an Sant\u00e9 : St\u00e9rilis\u00e9e, Test\u00e9e 3 MM \/\u00a0 Hauteur 38, sociable, poids 7 kilos Situation: En pension (gratuite la responsable nous a demand\u00e9 de l&rsquo;aide pour la placer) Test chat \u00e0 v\u00e9rifier Commentaires : Fanta est une toute petite podenca qui a \u00e9t\u00e9 trouv\u00e9 mourante dans [&hellip;]<\/p>\n","protected":false},"author":1,"featured_media":0,"comment_status":"open","ping_status":"open","sticky":false,"template":"","format":"standard","meta":{"footnotes":""},"categories":[23,13,6,20,4],"tags":[],"class_list":["post-58690","post","type-post","status-publish","format-standard","hentry","category-3-maladies-mediterraneennes","category-ok-chiens","category-podencos","category-podencos-adoptes","category-urgences"],"aioseo_notices":[],"_links":{"self":[{"href":"https:\/\/www.levriers-du-sud.org\/site\/wp-json\/wp\/v2\/posts\/58690","targetHints":{"allow":["GET"]}}],"collection":[{"href":"https:\/\/www.levriers-du-sud.org\/site\/wp-json\/wp\/v2\/posts"}],"about":[{"href":"https:\/\/www.levriers-du-sud.org\/site\/wp-json\/wp\/v2\/types\/post"}],"author":[{"embeddable":true,"href":"https:\/\/www.levriers-du-sud.org\/site\/wp-json\/wp\/v2\/users\/1"}],"replies":[{"embeddable":true,"href":"https:\/\/www.levriers-du-sud.org\/site\/wp-json\/wp\/v2\/comments?post=58690"}],"version-history":[{"count":0,"href":"https:\/\/www.levriers-du-sud.org\/site\/wp-json\/wp\/v2\/posts\/58690\/revisions"}],"wp:attachment":[{"href":"https:\/\/www.levriers-du-sud.org\/site\/wp-json\/wp\/v2\/media?parent=58690"}],"wp:term":[{"taxonomy":"category","embeddable":true,"href":"https:\/\/www.levriers-du-sud.org\/site\/wp-json\/wp\/v2\/categories?post=58690"},{"taxonomy":"post_tag","embeddable":true,"href":"https:\/\/www.levriers-du-sud.org\/site\/wp-json\/wp\/v2\/tags?post=58690"}],"curies":[{"name":"wp","href":"https:\/\/api.w.org\/{rel}","templated":true}]}}