{"id":58738,"date":"2025-08-08T14:26:03","date_gmt":"2025-08-08T12:26:03","guid":{"rendered":"https:\/\/www.levriers-du-sud.org\/site\/?p=58738"},"modified":"2025-09-22T16:44:01","modified_gmt":"2025-09-22T14:44:01","slug":"pedro-magina-animal","status":"publish","type":"post","link":"https:\/\/www.levriers-du-sud.org\/site\/08\/08\/2025\/pedro-magina-animal\/","title":{"rendered":"Pedro (Magina animal) Adopt\u00e9"},"content":{"rendered":"<p><strong>Type :<\/strong> Crois\u00e9<br \/>\n<strong>Sexe :\u00a0 M\u00e2le<\/strong><br \/>\n<strong>Age :<\/strong> 2024<br \/>\n<strong>Sant\u00e9\u00a0 : Castr\u00e9 , vaccin\u00e9, identifi\u00e9 et test\u00e9 aux 3 MM\u00a0\u00a0<\/strong><\/p>\n<p>30 cm , 4 kilos<\/p>\n<p>Situation : Refuge Magina animal<\/p>\n<p>Test chat \u00e0 pr\u00e9voir<\/p>\n<p>Commentaires : Pedro est un tout petit gabarit de 4 kilos qui a \u00e9t\u00e9 trouv\u00e9 dans la rue . Nous\u00a0 ne connaissons rien de son histoire. Il s&rsquo;est tr\u00e8s bien adapt\u00e9 au refuge et s&rsquo;entend avec tout le monde. C&rsquo;est un petit chien facile sans probl\u00e8mes particuliers. Il fera le bonheur d&rsquo;une famille.<\/p>\n<p><img loading=\"lazy\" decoding=\"async\" class=\"alignnone size-medium wp-image-58739\" src=\"https:\/\/www.levriers-du-sud.org\/site\/wp-content\/uploads\/2025\/08\/IMG_20250805_161037-300x228.jpg\" alt=\"\" width=\"300\" height=\"228\" srcset=\"https:\/\/www.levriers-du-sud.org\/site\/wp-content\/uploads\/2025\/08\/IMG_20250805_161037-300x228.jpg 300w, https:\/\/www.levriers-du-sud.org\/site\/wp-content\/uploads\/2025\/08\/IMG_20250805_161037-1024x777.jpg 1024w, https:\/\/www.levriers-du-sud.org\/site\/wp-content\/uploads\/2025\/08\/IMG_20250805_161037-768x583.jpg 768w, https:\/\/www.levriers-du-sud.org\/site\/wp-content\/uploads\/2025\/08\/IMG_20250805_161037-1536x1166.jpg 1536w, https:\/\/www.levriers-du-sud.org\/site\/wp-content\/uploads\/2025\/08\/IMG_20250805_161037-2048x1555.jpg 2048w\" sizes=\"auto, (max-width: 300px) 100vw, 300px\" \/> <img loading=\"lazy\" decoding=\"async\" class=\"alignnone size-medium wp-image-58740\" src=\"https:\/\/www.levriers-du-sud.org\/site\/wp-content\/uploads\/2025\/08\/IMG_20250805_160910-300x195.jpg\" alt=\"\" width=\"300\" height=\"195\" srcset=\"https:\/\/www.levriers-du-sud.org\/site\/wp-content\/uploads\/2025\/08\/IMG_20250805_160910-300x195.jpg 300w, https:\/\/www.levriers-du-sud.org\/site\/wp-content\/uploads\/2025\/08\/IMG_20250805_160910-1024x667.jpg 1024w, https:\/\/www.levriers-du-sud.org\/site\/wp-content\/uploads\/2025\/08\/IMG_20250805_160910-768x500.jpg 768w, https:\/\/www.levriers-du-sud.org\/site\/wp-content\/uploads\/2025\/08\/IMG_20250805_160910-1536x1000.jpg 1536w, https:\/\/www.levriers-du-sud.org\/site\/wp-content\/uploads\/2025\/08\/IMG_20250805_160910-2048x1334.jpg 2048w\" sizes=\"auto, (max-width: 300px) 100vw, 300px\" \/> <img loading=\"lazy\" decoding=\"async\" class=\"alignnone size-medium wp-image-58741\" src=\"https:\/\/www.levriers-du-sud.org\/site\/wp-content\/uploads\/2025\/08\/IMG_20250805_160800-300x198.jpg\" alt=\"\" width=\"300\" height=\"198\" srcset=\"https:\/\/www.levriers-du-sud.org\/site\/wp-content\/uploads\/2025\/08\/IMG_20250805_160800-300x198.jpg 300w, https:\/\/www.levriers-du-sud.org\/site\/wp-content\/uploads\/2025\/08\/IMG_20250805_160800-1024x675.jpg 1024w, https:\/\/www.levriers-du-sud.org\/site\/wp-content\/uploads\/2025\/08\/IMG_20250805_160800-768x506.jpg 768w, https:\/\/www.levriers-du-sud.org\/site\/wp-content\/uploads\/2025\/08\/IMG_20250805_160800-1536x1012.jpg 1536w, https:\/\/www.levriers-du-sud.org\/site\/wp-content\/uploads\/2025\/08\/IMG_20250805_160800-2048x1349.jpg 2048w\" sizes=\"auto, (max-width: 300px) 100vw, 300px\" \/> <img loading=\"lazy\" decoding=\"async\" class=\"alignnone size-medium wp-image-58742\" src=\"https:\/\/www.levriers-du-sud.org\/site\/wp-content\/uploads\/2025\/08\/IMG_20250805_161208-300x300.jpg\" alt=\"\" width=\"300\" height=\"300\" srcset=\"https:\/\/www.levriers-du-sud.org\/site\/wp-content\/uploads\/2025\/08\/IMG_20250805_161208-300x300.jpg 300w, https:\/\/www.levriers-du-sud.org\/site\/wp-content\/uploads\/2025\/08\/IMG_20250805_161208-1024x1024.jpg 1024w, https:\/\/www.levriers-du-sud.org\/site\/wp-content\/uploads\/2025\/08\/IMG_20250805_161208-150x150.jpg 150w, https:\/\/www.levriers-du-sud.org\/site\/wp-content\/uploads\/2025\/08\/IMG_20250805_161208-768x768.jpg 768w, https:\/\/www.levriers-du-sud.org\/site\/wp-content\/uploads\/2025\/08\/IMG_20250805_161208-1536x1536.jpg 1536w, https:\/\/www.levriers-du-sud.org\/site\/wp-content\/uploads\/2025\/08\/IMG_20250805_161208.jpg 2030w\" sizes=\"auto, (max-width: 300px) 100vw, 300px\" \/> <img loading=\"lazy\" decoding=\"async\" class=\"alignnone size-medium wp-image-58743\" src=\"https:\/\/www.levriers-du-sud.org\/site\/wp-content\/uploads\/2025\/08\/IMG_20250805_160626-292x300.jpg\" alt=\"\" width=\"292\" height=\"300\" srcset=\"https:\/\/www.levriers-du-sud.org\/site\/wp-content\/uploads\/2025\/08\/IMG_20250805_160626-292x300.jpg 292w, https:\/\/www.levriers-du-sud.org\/site\/wp-content\/uploads\/2025\/08\/IMG_20250805_160626-997x1024.jpg 997w, https:\/\/www.levriers-du-sud.org\/site\/wp-content\/uploads\/2025\/08\/IMG_20250805_160626-768x789.jpg 768w, https:\/\/www.levriers-du-sud.org\/site\/wp-content\/uploads\/2025\/08\/IMG_20250805_160626-1495x1536.jpg 1495w, https:\/\/www.levriers-du-sud.org\/site\/wp-content\/uploads\/2025\/08\/IMG_20250805_160626-1994x2048.jpg 1994w\" sizes=\"auto, (max-width: 292px) 100vw, 292px\" \/> <img loading=\"lazy\" decoding=\"async\" class=\"alignnone size-medium wp-image-58744\" src=\"https:\/\/www.levriers-du-sud.org\/site\/wp-content\/uploads\/2025\/08\/IMG_20250805_160826-300x300.jpg\" alt=\"\" width=\"300\" height=\"300\" srcset=\"https:\/\/www.levriers-du-sud.org\/site\/wp-content\/uploads\/2025\/08\/IMG_20250805_160826-300x300.jpg 300w, https:\/\/www.levriers-du-sud.org\/site\/wp-content\/uploads\/2025\/08\/IMG_20250805_160826-1024x1024.jpg 1024w, https:\/\/www.levriers-du-sud.org\/site\/wp-content\/uploads\/2025\/08\/IMG_20250805_160826-150x150.jpg 150w, https:\/\/www.levriers-du-sud.org\/site\/wp-content\/uploads\/2025\/08\/IMG_20250805_160826-768x768.jpg 768w, https:\/\/www.levriers-du-sud.org\/site\/wp-content\/uploads\/2025\/08\/IMG_20250805_160826.jpg 1157w\" sizes=\"auto, (max-width: 300px) 100vw, 300px\" \/> <img loading=\"lazy\" decoding=\"async\" class=\"alignnone size-medium wp-image-58745\" src=\"https:\/\/www.levriers-du-sud.org\/site\/wp-content\/uploads\/2025\/08\/IMG_20250805_160725-300x300.jpg\" alt=\"\" width=\"300\" height=\"300\" srcset=\"https:\/\/www.levriers-du-sud.org\/site\/wp-content\/uploads\/2025\/08\/IMG_20250805_160725-300x300.jpg 300w, https:\/\/www.levriers-du-sud.org\/site\/wp-content\/uploads\/2025\/08\/IMG_20250805_160725-1024x1024.jpg 1024w, https:\/\/www.levriers-du-sud.org\/site\/wp-content\/uploads\/2025\/08\/IMG_20250805_160725-150x150.jpg 150w, https:\/\/www.levriers-du-sud.org\/site\/wp-content\/uploads\/2025\/08\/IMG_20250805_160725-768x768.jpg 768w, https:\/\/www.levriers-du-sud.org\/site\/wp-content\/uploads\/2025\/08\/IMG_20250805_160725.jpg 1434w\" sizes=\"auto, (max-width: 300px) 100vw, 300px\" \/><\/p>\n","protected":false},"excerpt":{"rendered":"<p>Type : Crois\u00e9 Sexe :\u00a0 M\u00e2le Age : 2024 Sant\u00e9\u00a0 : Castr\u00e9 , vaccin\u00e9, identifi\u00e9 et test\u00e9 aux 3 MM\u00a0\u00a0 30 cm , 4 kilos Situation : Refuge Magina animal Test chat \u00e0 pr\u00e9voir Commentaires : Pedro est un tout petit gabarit de 4 kilos qui a \u00e9t\u00e9 trouv\u00e9 dans la rue . Nous\u00a0 ne [&hellip;]<\/p>\n","protected":false},"author":1,"featured_media":0,"comment_status":"open","ping_status":"open","sticky":false,"template":"","format":"standard","meta":{"footnotes":""},"categories":[23,8,14,13,4],"tags":[],"class_list":["post-58738","post","type-post","status-publish","format-standard","hentry","category-3-maladies-mediterraneennes","category-coup-pouce","category-ok-chats","category-ok-chiens","category-urgences"],"aioseo_notices":[],"_links":{"self":[{"href":"https:\/\/www.levriers-du-sud.org\/site\/wp-json\/wp\/v2\/posts\/58738","targetHints":{"allow":["GET"]}}],"collection":[{"href":"https:\/\/www.levriers-du-sud.org\/site\/wp-json\/wp\/v2\/posts"}],"about":[{"href":"https:\/\/www.levriers-du-sud.org\/site\/wp-json\/wp\/v2\/types\/post"}],"author":[{"embeddable":true,"href":"https:\/\/www.levriers-du-sud.org\/site\/wp-json\/wp\/v2\/users\/1"}],"replies":[{"embeddable":true,"href":"https:\/\/www.levriers-du-sud.org\/site\/wp-json\/wp\/v2\/comments?post=58738"}],"version-history":[{"count":0,"href":"https:\/\/www.levriers-du-sud.org\/site\/wp-json\/wp\/v2\/posts\/58738\/revisions"}],"wp:attachment":[{"href":"https:\/\/www.levriers-du-sud.org\/site\/wp-json\/wp\/v2\/media?parent=58738"}],"wp:term":[{"taxonomy":"category","embeddable":true,"href":"https:\/\/www.levriers-du-sud.org\/site\/wp-json\/wp\/v2\/categories?post=58738"},{"taxonomy":"post_tag","embeddable":true,"href":"https:\/\/www.levriers-du-sud.org\/site\/wp-json\/wp\/v2\/tags?post=58738"}],"curies":[{"name":"wp","href":"https:\/\/api.w.org\/{rel}","templated":true}]}}