{"id":58780,"date":"2025-08-26T17:35:39","date_gmt":"2025-08-26T15:35:39","guid":{"rendered":"https:\/\/www.levriers-du-sud.org\/site\/?p=58780"},"modified":"2025-10-19T21:30:38","modified_gmt":"2025-10-19T19:30:38","slug":"dobby-benevole-laura-urgence","status":"publish","type":"post","link":"https:\/\/www.levriers-du-sud.org\/site\/26\/08\/2025\/dobby-benevole-laura-urgence\/","title":{"rendered":"Dobby (B\u00e9n\u00e9vole Laura) Adopt\u00e9"},"content":{"rendered":"<p><strong>Type :<\/strong>\u00a0 Podenco<br \/>\n<strong>Sexe : M\u00e2le<\/strong><br \/>\n<strong>Age : 8 mois<\/strong><br \/>\n<strong>Sant\u00e9 : Castr\u00e9, vaccin\u00e9 et identifi\u00e9, test\u00e9 aux 3 MM<\/strong><strong><br \/>\nSituation: Sauv\u00e9 par Laura b\u00e9n\u00e9vole<\/strong><\/p>\n<p>Test chat \u00e0 pr\u00e9voir<\/p>\n<p>Commentaires : Dabby a une histoire dramatique ce petit podenco a \u00e9t\u00e9 trouv\u00e9 dans la rue par Laura une b\u00e9n\u00e9vole que nous aidons en Espagne. Ce pauvre petit a \u00e9t\u00e9 trouv\u00e9 dans un \u00e9tat lamentable voir la vid\u00e9o , il ne pouvait plus marcher et ces pattes \u00e9taient totalement tordues , au poins qu&rsquo;il finissait sur les coudes pour se d\u00e9placer.<\/p>\n<p>Apr\u00e8s une alimentation riche et des vitamines et surtout beaucoup d&rsquo;amour et de patience , il s&rsquo;est totalement r\u00e9tablie de se lourd handicap qu&rsquo;il avait.<\/p>\n<p>Aujourd&rsquo;hui il est devenue un magnifique podenco qui attend sa famille. Son cas est tr\u00e8s sp\u00e9cial parce que devenu magnifique des chasseurs dans la r\u00e9gion de Laura l&rsquo;ont d\u00e9ja rep\u00e9r\u00e9s.Sachant que Laura s&rsquo;est d\u00e9j\u00e0 fait voler des galgos et podencos chez elle , elle a peur pour lui .<\/p>\n<p>Il faut rapidement qu&rsquo;il sorte de l&rsquo;Espagne o\u00f9 sa vie est plus que jamais en danger.<\/p>\n<p><img loading=\"lazy\" decoding=\"async\" class=\"alignnone size-medium wp-image-58782\" src=\"https:\/\/www.levriers-du-sud.org\/site\/wp-content\/uploads\/2025\/08\/IMG-20250824-WA0070-300x169.jpg\" alt=\"\" width=\"300\" height=\"169\" srcset=\"https:\/\/www.levriers-du-sud.org\/site\/wp-content\/uploads\/2025\/08\/IMG-20250824-WA0070-300x169.jpg 300w, https:\/\/www.levriers-du-sud.org\/site\/wp-content\/uploads\/2025\/08\/IMG-20250824-WA0070-1024x576.jpg 1024w, https:\/\/www.levriers-du-sud.org\/site\/wp-content\/uploads\/2025\/08\/IMG-20250824-WA0070-768x432.jpg 768w, https:\/\/www.levriers-du-sud.org\/site\/wp-content\/uploads\/2025\/08\/IMG-20250824-WA0070-1536x864.jpg 1536w, https:\/\/www.levriers-du-sud.org\/site\/wp-content\/uploads\/2025\/08\/IMG-20250824-WA0070.jpg 1600w\" sizes=\"auto, (max-width: 300px) 100vw, 300px\" \/> <img loading=\"lazy\" decoding=\"async\" class=\"alignnone size-medium wp-image-58783\" src=\"https:\/\/www.levriers-du-sud.org\/site\/wp-content\/uploads\/2025\/08\/IMG-20250824-WA0068-1-300x169.jpg\" alt=\"\" width=\"300\" height=\"169\" srcset=\"https:\/\/www.levriers-du-sud.org\/site\/wp-content\/uploads\/2025\/08\/IMG-20250824-WA0068-1-300x169.jpg 300w, https:\/\/www.levriers-du-sud.org\/site\/wp-content\/uploads\/2025\/08\/IMG-20250824-WA0068-1-1024x576.jpg 1024w, https:\/\/www.levriers-du-sud.org\/site\/wp-content\/uploads\/2025\/08\/IMG-20250824-WA0068-1-768x432.jpg 768w, https:\/\/www.levriers-du-sud.org\/site\/wp-content\/uploads\/2025\/08\/IMG-20250824-WA0068-1-1536x864.jpg 1536w, https:\/\/www.levriers-du-sud.org\/site\/wp-content\/uploads\/2025\/08\/IMG-20250824-WA0068-1.jpg 1600w\" sizes=\"auto, (max-width: 300px) 100vw, 300px\" \/><img loading=\"lazy\" decoding=\"async\" class=\"alignnone size-medium wp-image-58785\" src=\"https:\/\/www.levriers-du-sud.org\/site\/wp-content\/uploads\/2025\/08\/IMG-20250824-WA0036-1-139x300.jpg\" alt=\"\" width=\"139\" height=\"300\" srcset=\"https:\/\/www.levriers-du-sud.org\/site\/wp-content\/uploads\/2025\/08\/IMG-20250824-WA0036-1-139x300.jpg 139w, https:\/\/www.levriers-du-sud.org\/site\/wp-content\/uploads\/2025\/08\/IMG-20250824-WA0036-1-473x1024.jpg 473w, https:\/\/www.levriers-du-sud.org\/site\/wp-content\/uploads\/2025\/08\/IMG-20250824-WA0036-1-709x1536.jpg 709w, https:\/\/www.levriers-du-sud.org\/site\/wp-content\/uploads\/2025\/08\/IMG-20250824-WA0036-1.jpg 739w\" sizes=\"auto, (max-width: 139px) 100vw, 139px\" \/><\/p>\n<div style=\"width: 478px;\" class=\"wp-video\"><!--[if lt IE 9]><script>document.createElement('video');<\/script><![endif]-->\n<video class=\"wp-video-shortcode\" id=\"video-58780-1\" width=\"478\" height=\"850\" preload=\"metadata\" controls=\"controls\"><source type=\"video\/mp4\" src=\"https:\/\/www.levriers-du-sud.org\/site\/wp-content\/uploads\/2025\/08\/VID-20250824-WA0029-1.mp4?_=1\" \/><a href=\"https:\/\/www.levriers-du-sud.org\/site\/wp-content\/uploads\/2025\/08\/VID-20250824-WA0029-1.mp4\">https:\/\/www.levriers-du-sud.org\/site\/wp-content\/uploads\/2025\/08\/VID-20250824-WA0029-1.mp4<\/a><\/video><\/div>\n<p><img loading=\"lazy\" decoding=\"async\" class=\"alignnone size-medium wp-image-58781\" src=\"https:\/\/www.levriers-du-sud.org\/site\/wp-content\/uploads\/2025\/08\/IMG-20250824-WA0024-139x300.jpg\" alt=\"\" width=\"139\" height=\"300\" srcset=\"https:\/\/www.levriers-du-sud.org\/site\/wp-content\/uploads\/2025\/08\/IMG-20250824-WA0024-139x300.jpg 139w, https:\/\/www.levriers-du-sud.org\/site\/wp-content\/uploads\/2025\/08\/IMG-20250824-WA0024-473x1024.jpg 473w, https:\/\/www.levriers-du-sud.org\/site\/wp-content\/uploads\/2025\/08\/IMG-20250824-WA0024-709x1536.jpg 709w, https:\/\/www.levriers-du-sud.org\/site\/wp-content\/uploads\/2025\/08\/IMG-20250824-WA0024.jpg 739w\" sizes=\"auto, (max-width: 139px) 100vw, 139px\" \/><\/p>\n","protected":false},"excerpt":{"rendered":"<p>Type :\u00a0 Podenco Sexe : M\u00e2le Age : 8 mois Sant\u00e9 : Castr\u00e9, vaccin\u00e9 et identifi\u00e9, test\u00e9 aux 3 MM Situation: Sauv\u00e9 par Laura b\u00e9n\u00e9vole Test chat \u00e0 pr\u00e9voir Commentaires : Dabby a une histoire dramatique ce petit podenco a \u00e9t\u00e9 trouv\u00e9 dans la rue par Laura une b\u00e9n\u00e9vole que nous aidons en Espagne. Ce [&hellip;]<\/p>\n","protected":false},"author":1,"featured_media":0,"comment_status":"open","ping_status":"open","sticky":false,"template":"","format":"standard","meta":{"footnotes":""},"categories":[23,13,6,20,4],"tags":[],"class_list":["post-58780","post","type-post","status-publish","format-standard","hentry","category-3-maladies-mediterraneennes","category-ok-chiens","category-podencos","category-podencos-adoptes","category-urgences"],"aioseo_notices":[],"_links":{"self":[{"href":"https:\/\/www.levriers-du-sud.org\/site\/wp-json\/wp\/v2\/posts\/58780","targetHints":{"allow":["GET"]}}],"collection":[{"href":"https:\/\/www.levriers-du-sud.org\/site\/wp-json\/wp\/v2\/posts"}],"about":[{"href":"https:\/\/www.levriers-du-sud.org\/site\/wp-json\/wp\/v2\/types\/post"}],"author":[{"embeddable":true,"href":"https:\/\/www.levriers-du-sud.org\/site\/wp-json\/wp\/v2\/users\/1"}],"replies":[{"embeddable":true,"href":"https:\/\/www.levriers-du-sud.org\/site\/wp-json\/wp\/v2\/comments?post=58780"}],"version-history":[{"count":0,"href":"https:\/\/www.levriers-du-sud.org\/site\/wp-json\/wp\/v2\/posts\/58780\/revisions"}],"wp:attachment":[{"href":"https:\/\/www.levriers-du-sud.org\/site\/wp-json\/wp\/v2\/media?parent=58780"}],"wp:term":[{"taxonomy":"category","embeddable":true,"href":"https:\/\/www.levriers-du-sud.org\/site\/wp-json\/wp\/v2\/categories?post=58780"},{"taxonomy":"post_tag","embeddable":true,"href":"https:\/\/www.levriers-du-sud.org\/site\/wp-json\/wp\/v2\/tags?post=58780"}],"curies":[{"name":"wp","href":"https:\/\/api.w.org\/{rel}","templated":true}]}}