{"id":58792,"date":"2025-09-06T17:13:30","date_gmt":"2025-09-06T15:13:30","guid":{"rendered":"https:\/\/www.levriers-du-sud.org\/site\/?p=58792"},"modified":"2025-10-28T08:01:18","modified_gmt":"2025-10-28T06:01:18","slug":"turron-chez-laura","status":"publish","type":"post","link":"https:\/\/www.levriers-du-sud.org\/site\/06\/09\/2025\/turron-chez-laura\/","title":{"rendered":"Turron (chez Laura) En cours d&rsquo;adoption"},"content":{"rendered":"<p><strong>Type :<\/strong> podenco<br \/>\n<strong>Sexe :\u00a0 M\u00e2le<\/strong><br \/>\n<strong>Age :<\/strong> 4 mois<br \/>\n<strong>Sant\u00e9\u00a0 : Castration \u00e0 pr\u00e9voir , vaccin\u00e9, identifi\u00e9 et test\u00e9 aux 3 MM<\/strong><\/p>\n<p>Test chat \u00e0 pr\u00e9voir<\/p>\n<p>&nbsp;<\/p>\n<p>Situation : Turron avec son fr\u00e8re est chez une b\u00e9n\u00e9vole Laura<\/p>\n<p>Commentaires : Turron avec son fr\u00e8re Nougat a \u00e9t\u00e9 trouv\u00e9 dans la rue par Laura une b\u00e9n\u00e9vole fran\u00e7aise vivant en Espagne. Ils \u00e9taient seuls \u00e0 la merci de tout le monde abandonn\u00e9s et affam\u00e9s. Laura n&rsquo;a pas h\u00e9sit\u00e9 et les a r\u00e9cup\u00e9r\u00e9 , ils sont dans une r\u00e9gion d&rsquo;Espagne o\u00f9 le sort des podencos est terrible , et en grandissant ils ont des risques d&rsquo;\u00eatre vol\u00e9s m\u00eame chez une b\u00e9n\u00e9vole par des chasseurs peu scrupuleux cela c&rsquo;est d\u00e9j\u00e0 produit. Ils cherchent que ce soit Turron ou Nougat une famille afin d&rsquo;oublier ce pass\u00e9 si terrible.<\/p>\n<p>Ce sont des b\u00e9b\u00e9s et les b\u00eatises \u00e0 venir sont \u00e0 prendre en compte.<\/p>\n<p><img loading=\"lazy\" decoding=\"async\" class=\"alignnone size-medium wp-image-58793\" src=\"https:\/\/www.levriers-du-sud.org\/site\/wp-content\/uploads\/2025\/09\/Turron-176x300.jpeg\" alt=\"\" width=\"176\" height=\"300\" srcset=\"https:\/\/www.levriers-du-sud.org\/site\/wp-content\/uploads\/2025\/09\/Turron-176x300.jpeg 176w, https:\/\/www.levriers-du-sud.org\/site\/wp-content\/uploads\/2025\/09\/Turron-600x1024.jpeg 600w, https:\/\/www.levriers-du-sud.org\/site\/wp-content\/uploads\/2025\/09\/Turron-768x1311.jpeg 768w, https:\/\/www.levriers-du-sud.org\/site\/wp-content\/uploads\/2025\/09\/Turron-900x1536.jpeg 900w, https:\/\/www.levriers-du-sud.org\/site\/wp-content\/uploads\/2025\/09\/Turron.jpeg 1200w\" sizes=\"auto, (max-width: 176px) 100vw, 176px\" \/> <img loading=\"lazy\" decoding=\"async\" class=\"alignnone size-medium wp-image-58794\" src=\"https:\/\/www.levriers-du-sud.org\/site\/wp-content\/uploads\/2025\/09\/Turron3-284x300.jpeg\" alt=\"\" width=\"284\" height=\"300\" srcset=\"https:\/\/www.levriers-du-sud.org\/site\/wp-content\/uploads\/2025\/09\/Turron3-284x300.jpeg 284w, https:\/\/www.levriers-du-sud.org\/site\/wp-content\/uploads\/2025\/09\/Turron3-971x1024.jpeg 971w, https:\/\/www.levriers-du-sud.org\/site\/wp-content\/uploads\/2025\/09\/Turron3-768x810.jpeg 768w, https:\/\/www.levriers-du-sud.org\/site\/wp-content\/uploads\/2025\/09\/Turron3-1456x1536.jpeg 1456w, https:\/\/www.levriers-du-sud.org\/site\/wp-content\/uploads\/2025\/09\/Turron3.jpeg 1941w\" sizes=\"auto, (max-width: 284px) 100vw, 284px\" \/> <img loading=\"lazy\" decoding=\"async\" class=\"alignnone size-medium wp-image-58795\" src=\"https:\/\/www.levriers-du-sud.org\/site\/wp-content\/uploads\/2025\/09\/Turron1-207x300.jpeg\" alt=\"\" width=\"207\" height=\"300\" srcset=\"https:\/\/www.levriers-du-sud.org\/site\/wp-content\/uploads\/2025\/09\/Turron1-207x300.jpeg 207w, https:\/\/www.levriers-du-sud.org\/site\/wp-content\/uploads\/2025\/09\/Turron1-708x1024.jpeg 708w, https:\/\/www.levriers-du-sud.org\/site\/wp-content\/uploads\/2025\/09\/Turron1-768x1112.jpeg 768w, https:\/\/www.levriers-du-sud.org\/site\/wp-content\/uploads\/2025\/09\/Turron1-1061x1536.jpeg 1061w, https:\/\/www.levriers-du-sud.org\/site\/wp-content\/uploads\/2025\/09\/Turron1.jpeg 1415w\" sizes=\"auto, (max-width: 207px) 100vw, 207px\" \/> <img loading=\"lazy\" decoding=\"async\" class=\"alignnone size-medium wp-image-58796\" src=\"https:\/\/www.levriers-du-sud.org\/site\/wp-content\/uploads\/2025\/09\/Turron2-300x267.jpeg\" alt=\"\" width=\"300\" height=\"267\" srcset=\"https:\/\/www.levriers-du-sud.org\/site\/wp-content\/uploads\/2025\/09\/Turron2-300x267.jpeg 300w, https:\/\/www.levriers-du-sud.org\/site\/wp-content\/uploads\/2025\/09\/Turron2-1024x911.jpeg 1024w, https:\/\/www.levriers-du-sud.org\/site\/wp-content\/uploads\/2025\/09\/Turron2-768x683.jpeg 768w, https:\/\/www.levriers-du-sud.org\/site\/wp-content\/uploads\/2025\/09\/Turron2-1536x1367.jpeg 1536w, https:\/\/www.levriers-du-sud.org\/site\/wp-content\/uploads\/2025\/09\/Turron2.jpeg 2048w\" sizes=\"auto, (max-width: 300px) 100vw, 300px\" \/> <img loading=\"lazy\" decoding=\"async\" class=\"alignnone size-medium wp-image-58798\" src=\"https:\/\/www.levriers-du-sud.org\/site\/wp-content\/uploads\/2025\/09\/Turron4-230x300.jpeg\" alt=\"\" width=\"230\" height=\"300\" srcset=\"https:\/\/www.levriers-du-sud.org\/site\/wp-content\/uploads\/2025\/09\/Turron4-230x300.jpeg 230w, https:\/\/www.levriers-du-sud.org\/site\/wp-content\/uploads\/2025\/09\/Turron4-786x1024.jpeg 786w, https:\/\/www.levriers-du-sud.org\/site\/wp-content\/uploads\/2025\/09\/Turron4-768x1001.jpeg 768w, https:\/\/www.levriers-du-sud.org\/site\/wp-content\/uploads\/2025\/09\/Turron4-1178x1536.jpeg 1178w, https:\/\/www.levriers-du-sud.org\/site\/wp-content\/uploads\/2025\/09\/Turron4.jpeg 1571w\" sizes=\"auto, (max-width: 230px) 100vw, 230px\" \/><\/p>\n<p>&nbsp;<\/p>\n","protected":false},"excerpt":{"rendered":"<p>Type : podenco Sexe :\u00a0 M\u00e2le Age : 4 mois Sant\u00e9\u00a0 : Castration \u00e0 pr\u00e9voir , vaccin\u00e9, identifi\u00e9 et test\u00e9 aux 3 MM Test chat \u00e0 pr\u00e9voir &nbsp; Situation : Turron avec son fr\u00e8re est chez une b\u00e9n\u00e9vole Laura Commentaires : Turron avec son fr\u00e8re Nougat a \u00e9t\u00e9 trouv\u00e9 dans la rue par Laura une [&hellip;]<\/p>\n","protected":false},"author":1,"featured_media":0,"comment_status":"open","ping_status":"open","sticky":false,"template":"","format":"standard","meta":{"footnotes":""},"categories":[23,7,14,13,6,4],"tags":[],"class_list":["post-58792","post","type-post","status-publish","format-standard","hentry","category-3-maladies-mediterraneennes","category-chiots","category-ok-chats","category-ok-chiens","category-podencos","category-urgences"],"aioseo_notices":[],"_links":{"self":[{"href":"https:\/\/www.levriers-du-sud.org\/site\/wp-json\/wp\/v2\/posts\/58792","targetHints":{"allow":["GET"]}}],"collection":[{"href":"https:\/\/www.levriers-du-sud.org\/site\/wp-json\/wp\/v2\/posts"}],"about":[{"href":"https:\/\/www.levriers-du-sud.org\/site\/wp-json\/wp\/v2\/types\/post"}],"author":[{"embeddable":true,"href":"https:\/\/www.levriers-du-sud.org\/site\/wp-json\/wp\/v2\/users\/1"}],"replies":[{"embeddable":true,"href":"https:\/\/www.levriers-du-sud.org\/site\/wp-json\/wp\/v2\/comments?post=58792"}],"version-history":[{"count":0,"href":"https:\/\/www.levriers-du-sud.org\/site\/wp-json\/wp\/v2\/posts\/58792\/revisions"}],"wp:attachment":[{"href":"https:\/\/www.levriers-du-sud.org\/site\/wp-json\/wp\/v2\/media?parent=58792"}],"wp:term":[{"taxonomy":"category","embeddable":true,"href":"https:\/\/www.levriers-du-sud.org\/site\/wp-json\/wp\/v2\/categories?post=58792"},{"taxonomy":"post_tag","embeddable":true,"href":"https:\/\/www.levriers-du-sud.org\/site\/wp-json\/wp\/v2\/tags?post=58792"}],"curies":[{"name":"wp","href":"https:\/\/api.w.org\/{rel}","templated":true}]}}