{"id":58908,"date":"2025-10-11T15:37:19","date_gmt":"2025-10-11T13:37:19","guid":{"rendered":"https:\/\/www.levriers-du-sud.org\/site\/?p=58908"},"modified":"2025-10-19T21:29:24","modified_gmt":"2025-10-19T19:29:24","slug":"maya-a-notre-charge","status":"publish","type":"post","link":"https:\/\/www.levriers-du-sud.org\/site\/11\/10\/2025\/maya-a-notre-charge\/","title":{"rendered":"Maya \u00e0 notre charge malheureusement rendue \u00e0 son galguero"},"content":{"rendered":"<p><strong>Type :<\/strong> Galga<br \/>\n<strong>Sexe : Femelle<\/strong><br \/>\n<strong>Age : 4 ans\u00a0\u00a0<\/strong><br \/>\n<strong>Sant\u00e9 : St\u00e9rilis\u00e9e<\/strong>, Test\u00e9e 3 MM positif ,vaccin\u00e9e, identifi\u00e9e<strong><br \/>\nSituation: <\/strong>En pension (100 euros par mois M.T\u00e9r\u00e9sa)<\/p>\n<p>Test chat \u00e0 v\u00e9rifier<\/p>\n<p>Mise \u00e0 jour Maya malgr\u00e9 le fait que l&rsquo;on ai voulu enlever sa puce \u00e9lectronique , elle y \u00e9tait rest\u00e9e. L&rsquo;obligation de contacter le propri\u00e9taire s&rsquo;est av\u00e9r\u00e9e. Le galguero a r\u00e9cup\u00e9r\u00e9 cette pauvre chienne et Maria n&rsquo;a rien pu faire. Une plainte est d\u00e9pos\u00e9e mais nous savons bien qu&rsquo;elle ne donnera jamais rien. Pauvre petite repartie dans son enfer.<\/p>\n<p>Commentaires\u00a0 : Maya est une galga qui a beaucoup souffert , elle vient d&rsquo;\u00eatre trouv\u00e9e et c&rsquo;est avec une plaie b\u00e9ante que Maria t\u00e9r\u00e9sa la d\u00e9couvre. Tout simplement , on lui a arrach\u00e9 \u00e0 vif sa puce \u00e9lectronique afin que le propri\u00e9taire ne soit pas retrouv\u00e9 , pratique courante en Espagne.<\/p>\n<p>Elle a aussi une tumeur mamaire que\u00a0 nous devons retirer. Au niveau de son caract\u00e8re c&rsquo;est une chienne r\u00e9sign\u00e9e , douce et discr\u00e8te. Elle m\u00e9rite une famille avant l&rsquo;hiver pas plus qu&rsquo;un autre mais sa vie doit devenir du positif alors qu&rsquo;elle n&rsquo;a \u00e9t\u00e9 que mis\u00e8re jusqu&rsquo;\u00e0 pr\u00e9sent.<\/p>\n<p><img loading=\"lazy\" decoding=\"async\" class=\"alignnone size-medium wp-image-58902\" src=\"https:\/\/www.levriers-du-sud.org\/site\/wp-content\/uploads\/2025\/10\/IMG-20251011-WA0017-225x300.jpg\" alt=\"\" width=\"225\" height=\"300\" srcset=\"https:\/\/www.levriers-du-sud.org\/site\/wp-content\/uploads\/2025\/10\/IMG-20251011-WA0017-225x300.jpg 225w, https:\/\/www.levriers-du-sud.org\/site\/wp-content\/uploads\/2025\/10\/IMG-20251011-WA0017.jpg 768w\" sizes=\"auto, (max-width: 225px) 100vw, 225px\" \/><img loading=\"lazy\" decoding=\"async\" class=\"alignnone size-medium wp-image-58901\" src=\"https:\/\/www.levriers-du-sud.org\/site\/wp-content\/uploads\/2025\/10\/IMG-20251011-WA0013-225x300.jpg\" alt=\"\" width=\"225\" height=\"300\" srcset=\"https:\/\/www.levriers-du-sud.org\/site\/wp-content\/uploads\/2025\/10\/IMG-20251011-WA0013-225x300.jpg 225w, https:\/\/www.levriers-du-sud.org\/site\/wp-content\/uploads\/2025\/10\/IMG-20251011-WA0013.jpg 768w\" sizes=\"auto, (max-width: 225px) 100vw, 225px\" \/><\/p>\n","protected":false},"excerpt":{"rendered":"<p>Type : Galga Sexe : Femelle Age : 4 ans\u00a0\u00a0 Sant\u00e9 : St\u00e9rilis\u00e9e, Test\u00e9e 3 MM positif ,vaccin\u00e9e, identifi\u00e9e Situation: En pension (100 euros par mois M.T\u00e9r\u00e9sa) Test chat \u00e0 v\u00e9rifier Mise \u00e0 jour Maya malgr\u00e9 le fait que l&rsquo;on ai voulu enlever sa puce \u00e9lectronique , elle y \u00e9tait rest\u00e9e. L&rsquo;obligation de contacter le [&hellip;]<\/p>\n","protected":false},"author":1,"featured_media":0,"comment_status":"open","ping_status":"open","sticky":false,"template":"","format":"standard","meta":{"footnotes":""},"categories":[23,29,5,13,4],"tags":[],"class_list":["post-58908","post","type-post","status-publish","format-standard","hentry","category-3-maladies-mediterraneennes","category-chiens_a_notre_charge","category-galgos","category-ok-chiens","category-urgences"],"aioseo_notices":[],"_links":{"self":[{"href":"https:\/\/www.levriers-du-sud.org\/site\/wp-json\/wp\/v2\/posts\/58908","targetHints":{"allow":["GET"]}}],"collection":[{"href":"https:\/\/www.levriers-du-sud.org\/site\/wp-json\/wp\/v2\/posts"}],"about":[{"href":"https:\/\/www.levriers-du-sud.org\/site\/wp-json\/wp\/v2\/types\/post"}],"author":[{"embeddable":true,"href":"https:\/\/www.levriers-du-sud.org\/site\/wp-json\/wp\/v2\/users\/1"}],"replies":[{"embeddable":true,"href":"https:\/\/www.levriers-du-sud.org\/site\/wp-json\/wp\/v2\/comments?post=58908"}],"version-history":[{"count":1,"href":"https:\/\/www.levriers-du-sud.org\/site\/wp-json\/wp\/v2\/posts\/58908\/revisions"}],"predecessor-version":[{"id":58913,"href":"https:\/\/www.levriers-du-sud.org\/site\/wp-json\/wp\/v2\/posts\/58908\/revisions\/58913"}],"wp:attachment":[{"href":"https:\/\/www.levriers-du-sud.org\/site\/wp-json\/wp\/v2\/media?parent=58908"}],"wp:term":[{"taxonomy":"category","embeddable":true,"href":"https:\/\/www.levriers-du-sud.org\/site\/wp-json\/wp\/v2\/categories?post=58908"},{"taxonomy":"post_tag","embeddable":true,"href":"https:\/\/www.levriers-du-sud.org\/site\/wp-json\/wp\/v2\/tags?post=58908"}],"curies":[{"name":"wp","href":"https:\/\/api.w.org\/{rel}","templated":true}]}}