{"id":58938,"date":"2026-01-03T13:54:19","date_gmt":"2026-01-03T11:54:19","guid":{"rendered":"https:\/\/www.levriers-du-sud.org\/site\/?p=58938"},"modified":"2026-02-21T17:09:35","modified_gmt":"2026-02-21T15:09:35","slug":"ava-a-notre-charge","status":"publish","type":"post","link":"https:\/\/www.levriers-du-sud.org\/site\/03\/01\/2026\/ava-a-notre-charge\/","title":{"rendered":"Ava \u00e0 notre charge adopt\u00e9e"},"content":{"rendered":"<p><strong>Type :<\/strong> galga<br \/>\n<strong>Sexe : femelle<\/strong><br \/>\n<strong>Age :<\/strong> 5 ans<br \/>\n<strong>Sant\u00e9\u00a0 : St\u00e9rilis\u00e9e, vaccin\u00e9e , identifi\u00e9e , et test\u00e9e au 3 MM<\/strong><\/p>\n<p>Test chat \u00e0 pr\u00e9voir<\/p>\n<p>Situations : en pensionn \u00e0 notre charge , 140 euros par mois.<\/p>\n<p>Commentaires : Ava est une jeune galga trouv\u00e9e par Maria T\u00e9r\u00e9sa qui nous a demand\u00e9 de l&rsquo;aide. Son refuge ne peut accueillir les galgos en risque de vol important.<\/p>\n<p>Nous l&rsquo;avons prise en charge et nous payons une pension pour la mettre en s\u00e9curit\u00e9. Elle est un peu perdue pour l&rsquo;instant mais pas craintive. C&rsquo;est une jeune galga qui attend de connaitre la douceur d&rsquo;une maison et la chaleur d&rsquo;un panier. Sa vie comme beaucoup de galgo est une vie de mis\u00e8re \u00e0 vous de changer son destin.<\/p>\n<p><img loading=\"lazy\" decoding=\"async\" class=\"alignnone size-medium wp-image-58939\" src=\"https:\/\/www.levriers-du-sud.org\/site\/wp-content\/uploads\/2025\/11\/IMG-20251031-WA0023-300x200.jpg\" alt=\"\" width=\"300\" height=\"200\" srcset=\"https:\/\/www.levriers-du-sud.org\/site\/wp-content\/uploads\/2025\/11\/IMG-20251031-WA0023-300x200.jpg 300w, https:\/\/www.levriers-du-sud.org\/site\/wp-content\/uploads\/2025\/11\/IMG-20251031-WA0023-1024x682.jpg 1024w, https:\/\/www.levriers-du-sud.org\/site\/wp-content\/uploads\/2025\/11\/IMG-20251031-WA0023-768x511.jpg 768w, https:\/\/www.levriers-du-sud.org\/site\/wp-content\/uploads\/2025\/11\/IMG-20251031-WA0023.jpg 1280w\" sizes=\"auto, (max-width: 300px) 100vw, 300px\" \/> <img loading=\"lazy\" decoding=\"async\" class=\"alignnone size-medium wp-image-58940\" src=\"https:\/\/www.levriers-du-sud.org\/site\/wp-content\/uploads\/2025\/11\/IMG-20251031-WA0024-300x200.jpg\" alt=\"\" width=\"300\" height=\"200\" srcset=\"https:\/\/www.levriers-du-sud.org\/site\/wp-content\/uploads\/2025\/11\/IMG-20251031-WA0024-300x200.jpg 300w, https:\/\/www.levriers-du-sud.org\/site\/wp-content\/uploads\/2025\/11\/IMG-20251031-WA0024-1024x682.jpg 1024w, https:\/\/www.levriers-du-sud.org\/site\/wp-content\/uploads\/2025\/11\/IMG-20251031-WA0024-768x511.jpg 768w, https:\/\/www.levriers-du-sud.org\/site\/wp-content\/uploads\/2025\/11\/IMG-20251031-WA0024.jpg 1280w\" sizes=\"auto, (max-width: 300px) 100vw, 300px\" \/> <img loading=\"lazy\" decoding=\"async\" class=\"alignnone size-medium wp-image-58941\" src=\"https:\/\/www.levriers-du-sud.org\/site\/wp-content\/uploads\/2025\/11\/IMG-20251031-WA0025-300x200.jpg\" alt=\"\" width=\"300\" height=\"200\" srcset=\"https:\/\/www.levriers-du-sud.org\/site\/wp-content\/uploads\/2025\/11\/IMG-20251031-WA0025-300x200.jpg 300w, https:\/\/www.levriers-du-sud.org\/site\/wp-content\/uploads\/2025\/11\/IMG-20251031-WA0025-1024x682.jpg 1024w, https:\/\/www.levriers-du-sud.org\/site\/wp-content\/uploads\/2025\/11\/IMG-20251031-WA0025-768x511.jpg 768w, https:\/\/www.levriers-du-sud.org\/site\/wp-content\/uploads\/2025\/11\/IMG-20251031-WA0025.jpg 1280w\" sizes=\"auto, (max-width: 300px) 100vw, 300px\" \/> <img loading=\"lazy\" decoding=\"async\" class=\"alignnone size-medium wp-image-58942\" src=\"https:\/\/www.levriers-du-sud.org\/site\/wp-content\/uploads\/2025\/11\/IMG-20251031-WA0026-300x200.jpg\" alt=\"\" width=\"300\" height=\"200\" srcset=\"https:\/\/www.levriers-du-sud.org\/site\/wp-content\/uploads\/2025\/11\/IMG-20251031-WA0026-300x200.jpg 300w, https:\/\/www.levriers-du-sud.org\/site\/wp-content\/uploads\/2025\/11\/IMG-20251031-WA0026-1024x682.jpg 1024w, https:\/\/www.levriers-du-sud.org\/site\/wp-content\/uploads\/2025\/11\/IMG-20251031-WA0026-768x511.jpg 768w, https:\/\/www.levriers-du-sud.org\/site\/wp-content\/uploads\/2025\/11\/IMG-20251031-WA0026.jpg 1280w\" sizes=\"auto, (max-width: 300px) 100vw, 300px\" \/> <img loading=\"lazy\" decoding=\"async\" class=\"alignnone size-medium wp-image-58943\" src=\"https:\/\/www.levriers-du-sud.org\/site\/wp-content\/uploads\/2025\/11\/IMG-20251031-WA0027-300x200.jpg\" alt=\"\" width=\"300\" height=\"200\" srcset=\"https:\/\/www.levriers-du-sud.org\/site\/wp-content\/uploads\/2025\/11\/IMG-20251031-WA0027-300x200.jpg 300w, https:\/\/www.levriers-du-sud.org\/site\/wp-content\/uploads\/2025\/11\/IMG-20251031-WA0027-1024x682.jpg 1024w, https:\/\/www.levriers-du-sud.org\/site\/wp-content\/uploads\/2025\/11\/IMG-20251031-WA0027-768x511.jpg 768w, https:\/\/www.levriers-du-sud.org\/site\/wp-content\/uploads\/2025\/11\/IMG-20251031-WA0027.jpg 1280w\" sizes=\"auto, (max-width: 300px) 100vw, 300px\" \/> <img loading=\"lazy\" decoding=\"async\" class=\"alignnone size-medium wp-image-58944\" src=\"https:\/\/www.levriers-du-sud.org\/site\/wp-content\/uploads\/2025\/11\/IMG-20251031-WA0028-300x200.jpg\" alt=\"\" width=\"300\" height=\"200\" srcset=\"https:\/\/www.levriers-du-sud.org\/site\/wp-content\/uploads\/2025\/11\/IMG-20251031-WA0028-300x200.jpg 300w, https:\/\/www.levriers-du-sud.org\/site\/wp-content\/uploads\/2025\/11\/IMG-20251031-WA0028-1024x682.jpg 1024w, https:\/\/www.levriers-du-sud.org\/site\/wp-content\/uploads\/2025\/11\/IMG-20251031-WA0028-768x511.jpg 768w, https:\/\/www.levriers-du-sud.org\/site\/wp-content\/uploads\/2025\/11\/IMG-20251031-WA0028.jpg 1280w\" sizes=\"auto, (max-width: 300px) 100vw, 300px\" \/> <img loading=\"lazy\" decoding=\"async\" class=\"alignnone size-medium wp-image-58945\" src=\"https:\/\/www.levriers-du-sud.org\/site\/wp-content\/uploads\/2025\/11\/IMG-20251031-WA0030-300x200.jpg\" alt=\"\" width=\"300\" height=\"200\" srcset=\"https:\/\/www.levriers-du-sud.org\/site\/wp-content\/uploads\/2025\/11\/IMG-20251031-WA0030-300x200.jpg 300w, https:\/\/www.levriers-du-sud.org\/site\/wp-content\/uploads\/2025\/11\/IMG-20251031-WA0030-1024x682.jpg 1024w, https:\/\/www.levriers-du-sud.org\/site\/wp-content\/uploads\/2025\/11\/IMG-20251031-WA0030-768x511.jpg 768w, https:\/\/www.levriers-du-sud.org\/site\/wp-content\/uploads\/2025\/11\/IMG-20251031-WA0030.jpg 1280w\" sizes=\"auto, (max-width: 300px) 100vw, 300px\" \/><img loading=\"lazy\" decoding=\"async\" class=\"alignnone size-medium wp-image-58944\" src=\"https:\/\/www.levriers-du-sud.org\/site\/wp-content\/uploads\/2025\/11\/IMG-20251031-WA0028-300x200.jpg\" alt=\"\" width=\"300\" height=\"200\" srcset=\"https:\/\/www.levriers-du-sud.org\/site\/wp-content\/uploads\/2025\/11\/IMG-20251031-WA0028-300x200.jpg 300w, https:\/\/www.levriers-du-sud.org\/site\/wp-content\/uploads\/2025\/11\/IMG-20251031-WA0028-1024x682.jpg 1024w, https:\/\/www.levriers-du-sud.org\/site\/wp-content\/uploads\/2025\/11\/IMG-20251031-WA0028-768x511.jpg 768w, https:\/\/www.levriers-du-sud.org\/site\/wp-content\/uploads\/2025\/11\/IMG-20251031-WA0028.jpg 1280w\" sizes=\"auto, (max-width: 300px) 100vw, 300px\" \/><\/p>\n","protected":false},"excerpt":{"rendered":"<p>Type : galga Sexe : femelle Age : 5 ans Sant\u00e9\u00a0 : St\u00e9rilis\u00e9e, vaccin\u00e9e , identifi\u00e9e , et test\u00e9e au 3 MM Test chat \u00e0 pr\u00e9voir Situations : en pensionn \u00e0 notre charge , 140 euros par mois. Commentaires : Ava est une jeune galga trouv\u00e9e par Maria T\u00e9r\u00e9sa qui nous a demand\u00e9 de l&rsquo;aide. [&hellip;]<\/p>\n","protected":false},"author":1,"featured_media":0,"comment_status":"open","ping_status":"open","sticky":false,"template":"","format":"standard","meta":{"footnotes":""},"categories":[23,30,5,19,13,4],"tags":[],"class_list":["post-58938","post","type-post","status-publish","format-standard","hentry","category-3-maladies-mediterraneennes","category-chien-a-notre-charge","category-galgos","category-galgos-adoptes","category-ok-chiens","category-urgences"],"aioseo_notices":[],"_links":{"self":[{"href":"https:\/\/www.levriers-du-sud.org\/site\/wp-json\/wp\/v2\/posts\/58938","targetHints":{"allow":["GET"]}}],"collection":[{"href":"https:\/\/www.levriers-du-sud.org\/site\/wp-json\/wp\/v2\/posts"}],"about":[{"href":"https:\/\/www.levriers-du-sud.org\/site\/wp-json\/wp\/v2\/types\/post"}],"author":[{"embeddable":true,"href":"https:\/\/www.levriers-du-sud.org\/site\/wp-json\/wp\/v2\/users\/1"}],"replies":[{"embeddable":true,"href":"https:\/\/www.levriers-du-sud.org\/site\/wp-json\/wp\/v2\/comments?post=58938"}],"version-history":[{"count":0,"href":"https:\/\/www.levriers-du-sud.org\/site\/wp-json\/wp\/v2\/posts\/58938\/revisions"}],"wp:attachment":[{"href":"https:\/\/www.levriers-du-sud.org\/site\/wp-json\/wp\/v2\/media?parent=58938"}],"wp:term":[{"taxonomy":"category","embeddable":true,"href":"https:\/\/www.levriers-du-sud.org\/site\/wp-json\/wp\/v2\/categories?post=58938"},{"taxonomy":"post_tag","embeddable":true,"href":"https:\/\/www.levriers-du-sud.org\/site\/wp-json\/wp\/v2\/tags?post=58938"}],"curies":[{"name":"wp","href":"https:\/\/api.w.org\/{rel}","templated":true}]}}