{"id":58990,"date":"2025-11-29T16:42:10","date_gmt":"2025-11-29T14:42:10","guid":{"rendered":"https:\/\/www.levriers-du-sud.org\/site\/?p=58990"},"modified":"2025-11-29T16:42:10","modified_gmt":"2025-11-29T14:42:10","slug":"lya-a-notre-charge","status":"publish","type":"post","link":"https:\/\/www.levriers-du-sud.org\/site\/29\/11\/2025\/lya-a-notre-charge\/","title":{"rendered":"Lya (\u00e0 notre charge)"},"content":{"rendered":"<p><strong>Type :<\/strong> Galga<br \/>\n<strong>Sexe : Femelle<\/strong><br \/>\n<strong>Age : 5 ans<\/strong><br \/>\n<strong>Sant\u00e9 : Identifi\u00e9e , Sterilis\u00e9e, test\u00e9e aux 3 MM, vaccin\u00e9e .<\/strong><strong><br \/>\nSituation: <\/strong>En pension Maria-T\u00e9r\u00e9sa (140 euros par mois)<\/p>\n<p>Test chat a v\u00e9rifier<\/p>\n<p>Commentaires: Lya \u00e9tait abandonn\u00e9e dans la rue dans un \u00e9tat tels qu&rsquo;on peut le voir. Elle repr\u00e9sente toute la maltraitance que ces pauvres chiens subissent. Son galguero l&rsquo;a sans doute utilis\u00e9 pour de la reproduction et voyant cette gale dont elle est atteinte progresser , il s&rsquo;en est d\u00e9barrass\u00e9e comme une vieille chose encombrante. Aujourd&rsquo;hui en pension , elle a un traitement mais au mieux \u00e9videment une vraie famille pour elle serait un salut. Nous acceptons un accueil o\u00f9 elle pourrait \u00eatre au chaud et suivre un traitement correctement. La gale est contagieuse.<\/p>\n<p><img loading=\"lazy\" decoding=\"async\" class=\"alignnone size-medium wp-image-58991\" src=\"https:\/\/www.levriers-du-sud.org\/site\/wp-content\/uploads\/2025\/11\/Lya-134x300.jpg\" alt=\"\" width=\"134\" height=\"300\" srcset=\"https:\/\/www.levriers-du-sud.org\/site\/wp-content\/uploads\/2025\/11\/Lya-134x300.jpg 134w, https:\/\/www.levriers-du-sud.org\/site\/wp-content\/uploads\/2025\/11\/Lya-459x1024.jpg 459w, https:\/\/www.levriers-du-sud.org\/site\/wp-content\/uploads\/2025\/11\/Lya-768x1714.jpg 768w, https:\/\/www.levriers-du-sud.org\/site\/wp-content\/uploads\/2025\/11\/Lya-688x1536.jpg 688w, https:\/\/www.levriers-du-sud.org\/site\/wp-content\/uploads\/2025\/11\/Lya.jpg 896w\" sizes=\"auto, (max-width: 134px) 100vw, 134px\" \/> <img loading=\"lazy\" decoding=\"async\" class=\"alignnone size-medium wp-image-58992\" src=\"https:\/\/www.levriers-du-sud.org\/site\/wp-content\/uploads\/2025\/11\/Lya1-134x300.jpg\" alt=\"\" width=\"134\" height=\"300\" srcset=\"https:\/\/www.levriers-du-sud.org\/site\/wp-content\/uploads\/2025\/11\/Lya1-134x300.jpg 134w, https:\/\/www.levriers-du-sud.org\/site\/wp-content\/uploads\/2025\/11\/Lya1-459x1024.jpg 459w, https:\/\/www.levriers-du-sud.org\/site\/wp-content\/uploads\/2025\/11\/Lya1-768x1714.jpg 768w, https:\/\/www.levriers-du-sud.org\/site\/wp-content\/uploads\/2025\/11\/Lya1-688x1536.jpg 688w, https:\/\/www.levriers-du-sud.org\/site\/wp-content\/uploads\/2025\/11\/Lya1.jpg 896w\" sizes=\"auto, (max-width: 134px) 100vw, 134px\" \/> <img loading=\"lazy\" decoding=\"async\" class=\"alignnone size-medium wp-image-58993\" src=\"https:\/\/www.levriers-du-sud.org\/site\/wp-content\/uploads\/2025\/11\/Lya2-134x300.jpg\" alt=\"\" width=\"134\" height=\"300\" srcset=\"https:\/\/www.levriers-du-sud.org\/site\/wp-content\/uploads\/2025\/11\/Lya2-134x300.jpg 134w, https:\/\/www.levriers-du-sud.org\/site\/wp-content\/uploads\/2025\/11\/Lya2-459x1024.jpg 459w, https:\/\/www.levriers-du-sud.org\/site\/wp-content\/uploads\/2025\/11\/Lya2-768x1714.jpg 768w, https:\/\/www.levriers-du-sud.org\/site\/wp-content\/uploads\/2025\/11\/Lya2-688x1536.jpg 688w, https:\/\/www.levriers-du-sud.org\/site\/wp-content\/uploads\/2025\/11\/Lya2.jpg 896w\" sizes=\"auto, (max-width: 134px) 100vw, 134px\" \/> <img loading=\"lazy\" decoding=\"async\" class=\"alignnone size-medium wp-image-58994\" src=\"https:\/\/www.levriers-du-sud.org\/site\/wp-content\/uploads\/2025\/11\/Lya3-134x300.jpg\" alt=\"\" width=\"134\" height=\"300\" srcset=\"https:\/\/www.levriers-du-sud.org\/site\/wp-content\/uploads\/2025\/11\/Lya3-134x300.jpg 134w, https:\/\/www.levriers-du-sud.org\/site\/wp-content\/uploads\/2025\/11\/Lya3-459x1024.jpg 459w, https:\/\/www.levriers-du-sud.org\/site\/wp-content\/uploads\/2025\/11\/Lya3-768x1714.jpg 768w, https:\/\/www.levriers-du-sud.org\/site\/wp-content\/uploads\/2025\/11\/Lya3-688x1536.jpg 688w, https:\/\/www.levriers-du-sud.org\/site\/wp-content\/uploads\/2025\/11\/Lya3.jpg 896w\" sizes=\"auto, (max-width: 134px) 100vw, 134px\" \/><\/p>\n","protected":false},"excerpt":{"rendered":"<p>Type : Galga Sexe : Femelle Age : 5 ans Sant\u00e9 : Identifi\u00e9e , Sterilis\u00e9e, test\u00e9e aux 3 MM, vaccin\u00e9e . Situation: En pension Maria-T\u00e9r\u00e9sa (140 euros par mois) Test chat a v\u00e9rifier Commentaires: Lya \u00e9tait abandonn\u00e9e dans la rue dans un \u00e9tat tels qu&rsquo;on peut le voir. Elle repr\u00e9sente toute la maltraitance que ces [&hellip;]<\/p>\n","protected":false},"author":1,"featured_media":0,"comment_status":"open","ping_status":"open","sticky":false,"template":"","format":"standard","meta":{"footnotes":""},"categories":[23,29,5,13,4],"tags":[],"class_list":["post-58990","post","type-post","status-publish","format-standard","hentry","category-3-maladies-mediterraneennes","category-chiens_a_notre_charge","category-galgos","category-ok-chiens","category-urgences"],"aioseo_notices":[],"_links":{"self":[{"href":"https:\/\/www.levriers-du-sud.org\/site\/wp-json\/wp\/v2\/posts\/58990","targetHints":{"allow":["GET"]}}],"collection":[{"href":"https:\/\/www.levriers-du-sud.org\/site\/wp-json\/wp\/v2\/posts"}],"about":[{"href":"https:\/\/www.levriers-du-sud.org\/site\/wp-json\/wp\/v2\/types\/post"}],"author":[{"embeddable":true,"href":"https:\/\/www.levriers-du-sud.org\/site\/wp-json\/wp\/v2\/users\/1"}],"replies":[{"embeddable":true,"href":"https:\/\/www.levriers-du-sud.org\/site\/wp-json\/wp\/v2\/comments?post=58990"}],"version-history":[{"count":0,"href":"https:\/\/www.levriers-du-sud.org\/site\/wp-json\/wp\/v2\/posts\/58990\/revisions"}],"wp:attachment":[{"href":"https:\/\/www.levriers-du-sud.org\/site\/wp-json\/wp\/v2\/media?parent=58990"}],"wp:term":[{"taxonomy":"category","embeddable":true,"href":"https:\/\/www.levriers-du-sud.org\/site\/wp-json\/wp\/v2\/categories?post=58990"},{"taxonomy":"post_tag","embeddable":true,"href":"https:\/\/www.levriers-du-sud.org\/site\/wp-json\/wp\/v2\/tags?post=58990"}],"curies":[{"name":"wp","href":"https:\/\/api.w.org\/{rel}","templated":true}]}}