{"id":59074,"date":"2026-01-01T10:03:17","date_gmt":"2026-01-01T08:03:17","guid":{"rendered":"https:\/\/www.levriers-du-sud.org\/site\/?p=59074"},"modified":"2026-01-01T10:03:17","modified_gmt":"2026-01-01T08:03:17","slug":"meilleurs-voeux-2026","status":"publish","type":"post","link":"https:\/\/www.levriers-du-sud.org\/site\/01\/01\/2026\/meilleurs-voeux-2026\/","title":{"rendered":"Meilleurs voeux 2026"},"content":{"rendered":"<p><a href=\"https:\/\/www.levriers-du-sud.org\/site\/wp-content\/uploads\/2025\/12\/IMG_20251130_163611.jpg\"><img loading=\"lazy\" decoding=\"async\" class=\"size-medium wp-image-59027 aligncenter\" src=\"https:\/\/www.levriers-du-sud.org\/site\/wp-content\/uploads\/2025\/12\/IMG_20251130_163611-300x225.jpg\" alt=\"\" width=\"300\" height=\"225\" srcset=\"https:\/\/www.levriers-du-sud.org\/site\/wp-content\/uploads\/2025\/12\/IMG_20251130_163611-300x225.jpg 300w, https:\/\/www.levriers-du-sud.org\/site\/wp-content\/uploads\/2025\/12\/IMG_20251130_163611-1024x768.jpg 1024w, https:\/\/www.levriers-du-sud.org\/site\/wp-content\/uploads\/2025\/12\/IMG_20251130_163611-768x576.jpg 768w, https:\/\/www.levriers-du-sud.org\/site\/wp-content\/uploads\/2025\/12\/IMG_20251130_163611.jpg 1385w\" sizes=\"auto, (max-width: 300px) 100vw, 300px\" \/><\/a><\/p>\n<p>&nbsp;<\/p>\n<p>&nbsp;<\/p>\n<p>Toute l&rsquo;\u00e9quipe de L\u00e9vriers-du-sud vient vous souhaiter un tr\u00e8s bonne ann\u00e9e 2026 qu&rsquo;elle soit comme la formule classique ad\u00e9quate pleine de joie et de bonheur ainsi bien sur que votre sant\u00e9 soit \u00e9pargn\u00e9e.<\/p>\n<p>Mais bien s\u00fbr qu&rsquo;il faut y ajouter pleins d&rsquo;autres choses tout d&rsquo;abord, je tiens particuli\u00e8rement \u00e0 remercier toute mon \u00e9quipe pour le temps consacr\u00e9 \u00e0 aider tous ces pauvres l\u00e9vriers , mastins et autres victimes de la barbarie humaine en Espagne et dans le monde .<\/p>\n<p>C&rsquo;est une \u00e9quipe de b\u00e9n\u00e9voles donnant tout leur coeur afin de trouver un bon foyer \u00e0 ces toutous.<\/p>\n<p>Merci d&rsquo;\u00eatre l\u00e0, merci d&rsquo;\u00eatre vous.<\/p>\n<p>Je tiens aussi \u00e0 remercier tous les adoptants qui permettent une finalit\u00e9 \u00e0 ce long parcours qu&rsquo;est le sauvetage , entre le moment o\u00f9 les b\u00e9n\u00e9voles esspagnols trouvent un chien ,nous demandent de\u00a0 l&rsquo;aide , le mettent en s\u00e9curit\u00e9, acceptent une place en pension , il y a tout un cheminement.<\/p>\n<p>D&rsquo;ailleurs au passage nous cherchons une famille d&rsquo;accueil en URGENCE pour Lya une pauvre galga atteinte de gale qui doit absolument \u00eatre au chaud vu son \u00e9tat , elle est d\u00e9j\u00e0 en traitement.<\/p>\n<p>Merci aussi a tous ces donateurs qui permettent tout \u00e7a, vous \u00eates les bonnes f\u00e9es de ces chiens sans vous rien ne serez possible.<\/p>\n<p>Alors \u00e9videment que cette ann\u00e9e doit \u00eatre identique sinon mieux que l&rsquo;ann\u00e9e pr\u00e9c\u00e9dente qu&rsquo;elle vous permette de continuer vos r\u00eaves dans votre vie de tous les jours parce que l&rsquo;espoir et le d\u00e9passement de soit est important dans un monde qui ne respecte plus rien.<\/p>\n<p>Je vous le souhaite et j&rsquo;esp\u00e8re que comme moi ,vous avez coll\u00e9 \u00e0 votre genoux une petite bouille fid\u00e8le et aimante est en train de vous regarder avec des yeux ronds d&rsquo;innocence parce que votre meilleur ami c&rsquo;est LUI.<\/p>\n<p>&nbsp;<\/p>\n<p>BONNE ANNEE A TOUS<\/p>\n<p>L&rsquo;\u00e9quipe de L\u00e9vriers-du-sud<\/p>\n<p>&nbsp;<\/p>\n<p>Prend soin d&rsquo;eux BB<\/p>\n<p>l<\/p>\n<p>&nbsp;<\/p>\n","protected":false},"excerpt":{"rendered":"<p>&nbsp; &nbsp; Toute l&rsquo;\u00e9quipe de L\u00e9vriers-du-sud vient vous souhaiter un tr\u00e8s bonne ann\u00e9e 2026 qu&rsquo;elle soit comme la formule classique ad\u00e9quate pleine de joie et de bonheur ainsi bien sur que votre sant\u00e9 soit \u00e9pargn\u00e9e. Mais bien s\u00fbr qu&rsquo;il faut y ajouter pleins d&rsquo;autres choses tout d&rsquo;abord, je tiens particuli\u00e8rement \u00e0 remercier toute mon \u00e9quipe [&hellip;]<\/p>\n","protected":false},"author":2,"featured_media":0,"comment_status":"open","ping_status":"open","sticky":false,"template":"","format":"standard","meta":{"footnotes":""},"categories":[4],"tags":[],"class_list":["post-59074","post","type-post","status-publish","format-standard","hentry","category-urgences"],"aioseo_notices":[],"_links":{"self":[{"href":"https:\/\/www.levriers-du-sud.org\/site\/wp-json\/wp\/v2\/posts\/59074","targetHints":{"allow":["GET"]}}],"collection":[{"href":"https:\/\/www.levriers-du-sud.org\/site\/wp-json\/wp\/v2\/posts"}],"about":[{"href":"https:\/\/www.levriers-du-sud.org\/site\/wp-json\/wp\/v2\/types\/post"}],"author":[{"embeddable":true,"href":"https:\/\/www.levriers-du-sud.org\/site\/wp-json\/wp\/v2\/users\/2"}],"replies":[{"embeddable":true,"href":"https:\/\/www.levriers-du-sud.org\/site\/wp-json\/wp\/v2\/comments?post=59074"}],"version-history":[{"count":0,"href":"https:\/\/www.levriers-du-sud.org\/site\/wp-json\/wp\/v2\/posts\/59074\/revisions"}],"wp:attachment":[{"href":"https:\/\/www.levriers-du-sud.org\/site\/wp-json\/wp\/v2\/media?parent=59074"}],"wp:term":[{"taxonomy":"category","embeddable":true,"href":"https:\/\/www.levriers-du-sud.org\/site\/wp-json\/wp\/v2\/categories?post=59074"},{"taxonomy":"post_tag","embeddable":true,"href":"https:\/\/www.levriers-du-sud.org\/site\/wp-json\/wp\/v2\/tags?post=59074"}],"curies":[{"name":"wp","href":"https:\/\/api.w.org\/{rel}","templated":true}]}}