{"id":59075,"date":"2026-01-06T22:55:23","date_gmt":"2026-01-06T20:55:23","guid":{"rendered":"https:\/\/www.levriers-du-sud.org\/site\/?p=59075"},"modified":"2026-01-06T22:55:23","modified_gmt":"2026-01-06T20:55:23","slug":"tao-a-notre-charge-adopte","status":"publish","type":"post","link":"https:\/\/www.levriers-du-sud.org\/site\/06\/01\/2026\/tao-a-notre-charge-adopte\/","title":{"rendered":"Tao (\u00e0 notre charge ) adopt\u00e9"},"content":{"rendered":"<p><strong>Type :<\/strong> galgo<br \/>\n<strong>Sexe : m\u00e2le<\/strong><br \/>\n<strong>Age :<\/strong> 18 mois<br \/>\n<strong>Sant\u00e9\u00a0 : Castr\u00e9, vaccin\u00e9, identifi\u00e9 , et test\u00e9 au 3 MM<\/strong><\/p>\n<p>Situation en pension \u00e0 notre charge Maria t\u00e9r\u00e9sa 120 euros par mois<\/p>\n<p>Pas ok chat<\/p>\n<p>Commentaires:<\/p>\n<div dir=\"auto\">TAO est un jeune galgo de 18 mois.<\/div>\n<div dir=\"auto\"><\/div>\n<div dir=\"auto\">HISTOIRE : TAO a \u00e9t\u00e9 attrap\u00e9 dans la rue par Maria Teresa.<\/div>\n<div dir=\"auto\"><\/div>\n<div dir=\"auto\">CARACT\u00c8RE : TAO n&rsquo;est pas un chien craintif, au d\u00e9part il \u00e9tait surtout un peu perdu et timide, mais c&rsquo;est un chien bien dans ses pattes \u00e0 priori, nous attendons plus d&rsquo;informations sur son caract\u00e8re.<\/div>\n<div dir=\"auto\"><\/div>\n<div dir=\"auto\"><a href=\"https:\/\/www.levriers-du-sud.org\/site\/wp-content\/uploads\/2026\/01\/1000042722.jpg\"><img loading=\"lazy\" decoding=\"async\" class=\"alignnone size-medium wp-image-59076\" src=\"https:\/\/www.levriers-du-sud.org\/site\/wp-content\/uploads\/2026\/01\/1000042722-134x300.jpg\" alt=\"\" width=\"134\" height=\"300\" srcset=\"https:\/\/www.levriers-du-sud.org\/site\/wp-content\/uploads\/2026\/01\/1000042722-134x300.jpg 134w, https:\/\/www.levriers-du-sud.org\/site\/wp-content\/uploads\/2026\/01\/1000042722-458x1024.jpg 458w, https:\/\/www.levriers-du-sud.org\/site\/wp-content\/uploads\/2026\/01\/1000042722-687x1536.jpg 687w, https:\/\/www.levriers-du-sud.org\/site\/wp-content\/uploads\/2026\/01\/1000042722.jpg 716w\" sizes=\"auto, (max-width: 134px) 100vw, 134px\" \/><\/a> <a href=\"https:\/\/www.levriers-du-sud.org\/site\/wp-content\/uploads\/2026\/01\/1000042724.jpg\"><img loading=\"lazy\" decoding=\"async\" class=\"alignnone size-medium wp-image-59077\" src=\"https:\/\/www.levriers-du-sud.org\/site\/wp-content\/uploads\/2026\/01\/1000042724-134x300.jpg\" alt=\"\" width=\"134\" height=\"300\" srcset=\"https:\/\/www.levriers-du-sud.org\/site\/wp-content\/uploads\/2026\/01\/1000042724-134x300.jpg 134w, https:\/\/www.levriers-du-sud.org\/site\/wp-content\/uploads\/2026\/01\/1000042724-458x1024.jpg 458w, https:\/\/www.levriers-du-sud.org\/site\/wp-content\/uploads\/2026\/01\/1000042724-687x1536.jpg 687w, https:\/\/www.levriers-du-sud.org\/site\/wp-content\/uploads\/2026\/01\/1000042724.jpg 716w\" sizes=\"auto, (max-width: 134px) 100vw, 134px\" \/><\/a> <a href=\"https:\/\/www.levriers-du-sud.org\/site\/wp-content\/uploads\/2026\/01\/1000042725.jpg\"><img loading=\"lazy\" decoding=\"async\" class=\"alignnone size-medium wp-image-59078\" src=\"https:\/\/www.levriers-du-sud.org\/site\/wp-content\/uploads\/2026\/01\/1000042725-134x300.jpg\" alt=\"\" width=\"134\" height=\"300\" srcset=\"https:\/\/www.levriers-du-sud.org\/site\/wp-content\/uploads\/2026\/01\/1000042725-134x300.jpg 134w, https:\/\/www.levriers-du-sud.org\/site\/wp-content\/uploads\/2026\/01\/1000042725-458x1024.jpg 458w, https:\/\/www.levriers-du-sud.org\/site\/wp-content\/uploads\/2026\/01\/1000042725-687x1536.jpg 687w, https:\/\/www.levriers-du-sud.org\/site\/wp-content\/uploads\/2026\/01\/1000042725.jpg 716w\" sizes=\"auto, (max-width: 134px) 100vw, 134px\" \/><\/a><\/div>\n","protected":false},"excerpt":{"rendered":"<p>Type : galgo Sexe : m\u00e2le Age : 18 mois Sant\u00e9\u00a0 : Castr\u00e9, vaccin\u00e9, identifi\u00e9 , et test\u00e9 au 3 MM Situation en pension \u00e0 notre charge Maria t\u00e9r\u00e9sa 120 euros par mois Pas ok chat Commentaires: TAO est un jeune galgo de 18 mois. HISTOIRE : TAO a \u00e9t\u00e9 attrap\u00e9 dans la rue par [&hellip;]<\/p>\n","protected":false},"author":2,"featured_media":0,"comment_status":"open","ping_status":"open","sticky":false,"template":"","format":"standard","meta":{"footnotes":""},"categories":[23,29,5,13,16,4],"tags":[],"class_list":["post-59075","post","type-post","status-publish","format-standard","hentry","category-3-maladies-mediterraneennes","category-chiens_a_notre_charge","category-galgos","category-ok-chiens","category-pas-ok-chats","category-urgences"],"aioseo_notices":[],"_links":{"self":[{"href":"https:\/\/www.levriers-du-sud.org\/site\/wp-json\/wp\/v2\/posts\/59075","targetHints":{"allow":["GET"]}}],"collection":[{"href":"https:\/\/www.levriers-du-sud.org\/site\/wp-json\/wp\/v2\/posts"}],"about":[{"href":"https:\/\/www.levriers-du-sud.org\/site\/wp-json\/wp\/v2\/types\/post"}],"author":[{"embeddable":true,"href":"https:\/\/www.levriers-du-sud.org\/site\/wp-json\/wp\/v2\/users\/2"}],"replies":[{"embeddable":true,"href":"https:\/\/www.levriers-du-sud.org\/site\/wp-json\/wp\/v2\/comments?post=59075"}],"version-history":[{"count":0,"href":"https:\/\/www.levriers-du-sud.org\/site\/wp-json\/wp\/v2\/posts\/59075\/revisions"}],"wp:attachment":[{"href":"https:\/\/www.levriers-du-sud.org\/site\/wp-json\/wp\/v2\/media?parent=59075"}],"wp:term":[{"taxonomy":"category","embeddable":true,"href":"https:\/\/www.levriers-du-sud.org\/site\/wp-json\/wp\/v2\/categories?post=59075"},{"taxonomy":"post_tag","embeddable":true,"href":"https:\/\/www.levriers-du-sud.org\/site\/wp-json\/wp\/v2\/tags?post=59075"}],"curies":[{"name":"wp","href":"https:\/\/api.w.org\/{rel}","templated":true}]}}