{"id":59079,"date":"2026-01-06T23:18:45","date_gmt":"2026-01-06T21:18:45","guid":{"rendered":"https:\/\/www.levriers-du-sud.org\/site\/?p=59079"},"modified":"2026-01-06T23:18:45","modified_gmt":"2026-01-06T21:18:45","slug":"vespa-acunr","status":"publish","type":"post","link":"https:\/\/www.levriers-du-sud.org\/site\/06\/01\/2026\/vespa-acunr\/","title":{"rendered":"Vespa ( acunr)"},"content":{"rendered":"<p><strong>Type :<\/strong> Podenca<br \/>\n<strong>Sexe : Femelle<\/strong><br \/>\n<strong>Age :<\/strong> 7 ans<br \/>\n<strong>Sant\u00e9\u00a0 : St\u00e9rilis\u00e9e, vaccin\u00e9e, identifi\u00e9e , et test\u00e9e au 3 MM<\/strong><\/p>\n<p>Situation en refuge Acunr<\/p>\n<p>Test chat \u00e0 pr\u00e9voir<\/p>\n<p>Commentaires :<\/p>\n<div class=\"x14z9mp xat24cr x1lziwak x1vvkbs xtlvy1s x126k92a\">\n<div dir=\"auto\">VESPA est une gentille podenca n\u00e9e le 03\/07\/2018. Elle est de taille moyenne\/petite.<\/div>\n<\/div>\n<div class=\"x14z9mp xat24cr x1lziwak x1vvkbs xtlvy1s x126k92a\">\n<div dir=\"auto\">HISTOIRE : VESPA a \u00e9t\u00e9 abandonn\u00e9e \u00e0 la pension par contre ancien propri\u00e9taire.<\/div>\n<\/div>\n<div class=\"x14z9mp xat24cr x1lziwak x1vvkbs xtlvy1s x126k92a\">\n<div dir=\"auto\">CARACT\u00c8RE : VESPA est pleine de bont\u00e9, d&rsquo;amour et de douceur. C&rsquo;est une chienne qui aspire \u00e0 la paix, elle est calme et tranquille, tr\u00e8s gentille et pas du tout craintive. Elle a beaucoup \u00e0 donner <span class=\"html-span xexx8yu xyri2b x18d9i69 x1c1uobl x1hl2dhg x16tdsg8 x1vvkbs x3nfvp2 x1j61x8r x1fcty0u xdj266r xat24cr xm2jcoa x1mpyi22 xxymvpz xlup9mm x1kky2od\"><img loading=\"lazy\" decoding=\"async\" class=\"xz74otr x15mokao x1ga7v0g x16uus16 xbiv7yw\" src=\"https:\/\/static.xx.fbcdn.net\/images\/emoji.php\/v9\/t6c\/1\/16\/2764.png\" alt=\"\u2764\ufe0f\" width=\"16\" height=\"16\" \/><\/span><\/div>\n<div dir=\"auto\">Il fait tr\u00e8s froid au refuge , un coin au chaud serait merveilleux.<\/div>\n<div dir=\"auto\"><\/div>\n<div dir=\"auto\"><a href=\"https:\/\/www.levriers-du-sud.org\/site\/wp-content\/uploads\/2026\/01\/Vespa1.jpg\"><img loading=\"lazy\" decoding=\"async\" class=\"alignnone size-medium wp-image-59080\" src=\"https:\/\/www.levriers-du-sud.org\/site\/wp-content\/uploads\/2026\/01\/Vespa1-300x200.jpg\" alt=\"\" width=\"300\" height=\"200\" srcset=\"https:\/\/www.levriers-du-sud.org\/site\/wp-content\/uploads\/2026\/01\/Vespa1-300x200.jpg 300w, https:\/\/www.levriers-du-sud.org\/site\/wp-content\/uploads\/2026\/01\/Vespa1-1024x681.jpg 1024w, https:\/\/www.levriers-du-sud.org\/site\/wp-content\/uploads\/2026\/01\/Vespa1-768x511.jpg 768w, https:\/\/www.levriers-du-sud.org\/site\/wp-content\/uploads\/2026\/01\/Vespa1-1536x1022.jpg 1536w, https:\/\/www.levriers-du-sud.org\/site\/wp-content\/uploads\/2026\/01\/Vespa1.jpg 2048w\" sizes=\"auto, (max-width: 300px) 100vw, 300px\" \/><\/a> <a href=\"https:\/\/www.levriers-du-sud.org\/site\/wp-content\/uploads\/2026\/01\/Vespa.jpg\"><img loading=\"lazy\" decoding=\"async\" class=\"alignnone size-medium wp-image-59081\" src=\"https:\/\/www.levriers-du-sud.org\/site\/wp-content\/uploads\/2026\/01\/Vespa-300x282.jpg\" alt=\"\" width=\"300\" height=\"282\" srcset=\"https:\/\/www.levriers-du-sud.org\/site\/wp-content\/uploads\/2026\/01\/Vespa-300x282.jpg 300w, https:\/\/www.levriers-du-sud.org\/site\/wp-content\/uploads\/2026\/01\/Vespa-768x723.jpg 768w, https:\/\/www.levriers-du-sud.org\/site\/wp-content\/uploads\/2026\/01\/Vespa.jpg 900w\" sizes=\"auto, (max-width: 300px) 100vw, 300px\" \/><\/a> <a href=\"https:\/\/www.levriers-du-sud.org\/site\/wp-content\/uploads\/2026\/01\/Vespa2.jpg\"><img loading=\"lazy\" decoding=\"async\" class=\"alignnone size-medium wp-image-59082\" src=\"https:\/\/www.levriers-du-sud.org\/site\/wp-content\/uploads\/2026\/01\/Vespa2-200x300.jpg\" alt=\"\" width=\"200\" height=\"300\" srcset=\"https:\/\/www.levriers-du-sud.org\/site\/wp-content\/uploads\/2026\/01\/Vespa2-200x300.jpg 200w, https:\/\/www.levriers-du-sud.org\/site\/wp-content\/uploads\/2026\/01\/Vespa2-681x1024.jpg 681w, https:\/\/www.levriers-du-sud.org\/site\/wp-content\/uploads\/2026\/01\/Vespa2-768x1155.jpg 768w, https:\/\/www.levriers-du-sud.org\/site\/wp-content\/uploads\/2026\/01\/Vespa2-1022x1536.jpg 1022w, https:\/\/www.levriers-du-sud.org\/site\/wp-content\/uploads\/2026\/01\/Vespa2.jpg 1362w\" sizes=\"auto, (max-width: 200px) 100vw, 200px\" \/><\/a> <a href=\"https:\/\/www.levriers-du-sud.org\/site\/wp-content\/uploads\/2026\/01\/Vespa3.jpg\"><img loading=\"lazy\" decoding=\"async\" class=\"alignnone size-medium wp-image-59083\" src=\"https:\/\/www.levriers-du-sud.org\/site\/wp-content\/uploads\/2026\/01\/Vespa3-300x200.jpg\" alt=\"\" width=\"300\" height=\"200\" srcset=\"https:\/\/www.levriers-du-sud.org\/site\/wp-content\/uploads\/2026\/01\/Vespa3-300x200.jpg 300w, https:\/\/www.levriers-du-sud.org\/site\/wp-content\/uploads\/2026\/01\/Vespa3-1024x681.jpg 1024w, https:\/\/www.levriers-du-sud.org\/site\/wp-content\/uploads\/2026\/01\/Vespa3-768x511.jpg 768w, https:\/\/www.levriers-du-sud.org\/site\/wp-content\/uploads\/2026\/01\/Vespa3-1536x1022.jpg 1536w, https:\/\/www.levriers-du-sud.org\/site\/wp-content\/uploads\/2026\/01\/Vespa3.jpg 2048w\" sizes=\"auto, (max-width: 300px) 100vw, 300px\" \/><\/a> <a href=\"https:\/\/www.levriers-du-sud.org\/site\/wp-content\/uploads\/2026\/01\/Vespa4.jpg\"><img loading=\"lazy\" decoding=\"async\" class=\"alignnone size-medium wp-image-59084\" src=\"https:\/\/www.levriers-du-sud.org\/site\/wp-content\/uploads\/2026\/01\/Vespa4-300x200.jpg\" alt=\"\" width=\"300\" height=\"200\" srcset=\"https:\/\/www.levriers-du-sud.org\/site\/wp-content\/uploads\/2026\/01\/Vespa4-300x200.jpg 300w, https:\/\/www.levriers-du-sud.org\/site\/wp-content\/uploads\/2026\/01\/Vespa4-1024x681.jpg 1024w, https:\/\/www.levriers-du-sud.org\/site\/wp-content\/uploads\/2026\/01\/Vespa4-768x511.jpg 768w, https:\/\/www.levriers-du-sud.org\/site\/wp-content\/uploads\/2026\/01\/Vespa4-1536x1022.jpg 1536w, https:\/\/www.levriers-du-sud.org\/site\/wp-content\/uploads\/2026\/01\/Vespa4.jpg 2048w\" sizes=\"auto, (max-width: 300px) 100vw, 300px\" \/><\/a><\/div>\n<\/div>\n","protected":false},"excerpt":{"rendered":"<p>Type : Podenca Sexe : Femelle Age : 7 ans Sant\u00e9\u00a0 : St\u00e9rilis\u00e9e, vaccin\u00e9e, identifi\u00e9e , et test\u00e9e au 3 MM Situation en refuge Acunr Test chat \u00e0 pr\u00e9voir Commentaires : VESPA est une gentille podenca n\u00e9e le 03\/07\/2018. Elle est de taille moyenne\/petite. HISTOIRE : VESPA a \u00e9t\u00e9 abandonn\u00e9e \u00e0 la pension par contre [&hellip;]<\/p>\n","protected":false},"author":2,"featured_media":0,"comment_status":"open","ping_status":"open","sticky":false,"template":"","format":"standard","meta":{"footnotes":""},"categories":[23,13,6,4],"tags":[],"class_list":["post-59079","post","type-post","status-publish","format-standard","hentry","category-3-maladies-mediterraneennes","category-ok-chiens","category-podencos","category-urgences"],"aioseo_notices":[],"_links":{"self":[{"href":"https:\/\/www.levriers-du-sud.org\/site\/wp-json\/wp\/v2\/posts\/59079","targetHints":{"allow":["GET"]}}],"collection":[{"href":"https:\/\/www.levriers-du-sud.org\/site\/wp-json\/wp\/v2\/posts"}],"about":[{"href":"https:\/\/www.levriers-du-sud.org\/site\/wp-json\/wp\/v2\/types\/post"}],"author":[{"embeddable":true,"href":"https:\/\/www.levriers-du-sud.org\/site\/wp-json\/wp\/v2\/users\/2"}],"replies":[{"embeddable":true,"href":"https:\/\/www.levriers-du-sud.org\/site\/wp-json\/wp\/v2\/comments?post=59079"}],"version-history":[{"count":0,"href":"https:\/\/www.levriers-du-sud.org\/site\/wp-json\/wp\/v2\/posts\/59079\/revisions"}],"wp:attachment":[{"href":"https:\/\/www.levriers-du-sud.org\/site\/wp-json\/wp\/v2\/media?parent=59079"}],"wp:term":[{"taxonomy":"category","embeddable":true,"href":"https:\/\/www.levriers-du-sud.org\/site\/wp-json\/wp\/v2\/categories?post=59079"},{"taxonomy":"post_tag","embeddable":true,"href":"https:\/\/www.levriers-du-sud.org\/site\/wp-json\/wp\/v2\/tags?post=59079"}],"curies":[{"name":"wp","href":"https:\/\/api.w.org\/{rel}","templated":true}]}}