{"id":59087,"date":"2026-01-20T22:38:49","date_gmt":"2026-01-20T20:38:49","guid":{"rendered":"https:\/\/www.levriers-du-sud.org\/site\/?p=59087"},"modified":"2026-02-21T17:01:34","modified_gmt":"2026-02-21T15:01:34","slug":"kerry-a-notre-charge","status":"publish","type":"post","link":"https:\/\/www.levriers-du-sud.org\/site\/20\/01\/2026\/kerry-a-notre-charge\/","title":{"rendered":"Kerry (\u00e0 notre charge) adopt\u00e9"},"content":{"rendered":"<p><strong>Type :<\/strong> galgo<br \/>\n<strong>Sexe : m\u00e2le<\/strong><br \/>\n<strong>Age :<\/strong> 3 ans (01\/01\/12023)<br \/>\n<strong>Sant\u00e9\u00a0 : Castr\u00e9, vaccin\u00e9, identifi\u00e9 , et test\u00e9 au 3 MM<\/strong><\/p>\n<p>Situation en pension \u00e0 notre charge Acunr 55 euros par mois<\/p>\n<p>Test chat \u00e0 pr\u00e9voir<\/p>\n<p>Commentaires : Nous sommes en relations avec un groupe qui lance des SOS pour r\u00e9cup\u00e9rer des galgos directement chez les galgueros. Ce groupe est tr\u00e8s r\u00e9actif et permet le sauvetage de nombreux galgos.<\/p>\n<p>Nous pouvions prendre trois d&rsquo;entres parmis les nombreux chiens qui attendent. Nous avons demand\u00e9 \u00e0 Maribel\u00a0 et ce sont de jeunes galgos noirs que nous avons sauv\u00e9.<\/p>\n<p>Kerry , Deva et Z\u00e9bra.<\/p>\n<p>Kerry est un amour de chien , sans doute tr\u00e8s mauvais chasseur , il ne garde que de la reconnaissance envers les humains qui lui donnent pour la premi\u00e8re fois un peu d&rsquo;affection.<\/p>\n<p>Il est super sympa, tendre et c\u00e2lin, il aime les gens et ne vous l\u00e2che plus pour avoir des caresses, un vrai pot de glue ! C&rsquo;est un galgo parfait pour une premi\u00e8re adoption (ou pas !) <span class=\"html-span xexx8yu xyri2b x18d9i69 x1c1uobl x1hl2dhg x16tdsg8 x1vvkbs x3nfvp2 x1j61x8r x1fcty0u xdj266r xat24cr xm2jcoa x1mpyi22 xxymvpz xlup9mm x1kky2od\"><img loading=\"lazy\" decoding=\"async\" class=\"xz74otr x15mokao x1ga7v0g x16uus16 xbiv7yw\" src=\"https:\/\/static.xx.fbcdn.net\/images\/emoji.php\/v9\/tea\/1\/16\/1f970.png\" alt=\"\" width=\"16\" height=\"16\" \/><\/span><\/p>\n<p><a href=\"https:\/\/www.levriers-du-sud.org\/site\/wp-content\/uploads\/2026\/01\/Kerry.jpg\"><img loading=\"lazy\" decoding=\"async\" class=\"alignnone size-medium wp-image-59088\" src=\"https:\/\/www.levriers-du-sud.org\/site\/wp-content\/uploads\/2026\/01\/Kerry-300x225.jpg\" alt=\"\" width=\"300\" height=\"225\" srcset=\"https:\/\/www.levriers-du-sud.org\/site\/wp-content\/uploads\/2026\/01\/Kerry-300x225.jpg 300w, https:\/\/www.levriers-du-sud.org\/site\/wp-content\/uploads\/2026\/01\/Kerry.jpg 590w\" sizes=\"auto, (max-width: 300px) 100vw, 300px\" \/><\/a> <a href=\"https:\/\/www.levriers-du-sud.org\/site\/wp-content\/uploads\/2026\/01\/Kerry1.jpg\"><img loading=\"lazy\" decoding=\"async\" class=\"alignnone size-medium wp-image-59089\" src=\"https:\/\/www.levriers-du-sud.org\/site\/wp-content\/uploads\/2026\/01\/Kerry1-200x300.jpg\" alt=\"\" width=\"200\" height=\"300\" srcset=\"https:\/\/www.levriers-du-sud.org\/site\/wp-content\/uploads\/2026\/01\/Kerry1-200x300.jpg 200w, https:\/\/www.levriers-du-sud.org\/site\/wp-content\/uploads\/2026\/01\/Kerry1-682x1024.jpg 682w, https:\/\/www.levriers-du-sud.org\/site\/wp-content\/uploads\/2026\/01\/Kerry1-768x1153.jpg 768w, https:\/\/www.levriers-du-sud.org\/site\/wp-content\/uploads\/2026\/01\/Kerry1-1023x1536.jpg 1023w, https:\/\/www.levriers-du-sud.org\/site\/wp-content\/uploads\/2026\/01\/Kerry1.jpg 1066w\" sizes=\"auto, (max-width: 200px) 100vw, 200px\" \/><\/a> <a href=\"https:\/\/www.levriers-du-sud.org\/site\/wp-content\/uploads\/2026\/01\/Kerry2.jpg\"><img loading=\"lazy\" decoding=\"async\" class=\"alignnone size-medium wp-image-59090\" src=\"https:\/\/www.levriers-du-sud.org\/site\/wp-content\/uploads\/2026\/01\/Kerry2-225x300.jpg\" alt=\"\" width=\"225\" height=\"300\" srcset=\"https:\/\/www.levriers-du-sud.org\/site\/wp-content\/uploads\/2026\/01\/Kerry2-225x300.jpg 225w, https:\/\/www.levriers-du-sud.org\/site\/wp-content\/uploads\/2026\/01\/Kerry2-768x1024.jpg 768w, https:\/\/www.levriers-du-sud.org\/site\/wp-content\/uploads\/2026\/01\/Kerry2-1152x1536.jpg 1152w, https:\/\/www.levriers-du-sud.org\/site\/wp-content\/uploads\/2026\/01\/Kerry2.jpg 1200w\" sizes=\"auto, (max-width: 225px) 100vw, 225px\" \/><\/a> <a href=\"https:\/\/www.levriers-du-sud.org\/site\/wp-content\/uploads\/2026\/01\/Kerry3.jpg\"><img loading=\"lazy\" decoding=\"async\" class=\"alignnone size-medium wp-image-59091\" src=\"https:\/\/www.levriers-du-sud.org\/site\/wp-content\/uploads\/2026\/01\/Kerry3-300x225.jpg\" alt=\"\" width=\"300\" height=\"225\" srcset=\"https:\/\/www.levriers-du-sud.org\/site\/wp-content\/uploads\/2026\/01\/Kerry3-300x225.jpg 300w, https:\/\/www.levriers-du-sud.org\/site\/wp-content\/uploads\/2026\/01\/Kerry3-1024x768.jpg 1024w, https:\/\/www.levriers-du-sud.org\/site\/wp-content\/uploads\/2026\/01\/Kerry3-768x576.jpg 768w, https:\/\/www.levriers-du-sud.org\/site\/wp-content\/uploads\/2026\/01\/Kerry3-1536x1152.jpg 1536w, https:\/\/www.levriers-du-sud.org\/site\/wp-content\/uploads\/2026\/01\/Kerry3.jpg 1600w\" sizes=\"auto, (max-width: 300px) 100vw, 300px\" \/><\/a> <a href=\"https:\/\/www.levriers-du-sud.org\/site\/wp-content\/uploads\/2026\/01\/Kerry4.jpg\"><img loading=\"lazy\" decoding=\"async\" class=\"alignnone size-medium wp-image-59092\" src=\"https:\/\/www.levriers-du-sud.org\/site\/wp-content\/uploads\/2026\/01\/Kerry4-225x300.jpg\" alt=\"\" width=\"225\" height=\"300\" srcset=\"https:\/\/www.levriers-du-sud.org\/site\/wp-content\/uploads\/2026\/01\/Kerry4-225x300.jpg 225w, https:\/\/www.levriers-du-sud.org\/site\/wp-content\/uploads\/2026\/01\/Kerry4-768x1024.jpg 768w, https:\/\/www.levriers-du-sud.org\/site\/wp-content\/uploads\/2026\/01\/Kerry4-1152x1536.jpg 1152w, https:\/\/www.levriers-du-sud.org\/site\/wp-content\/uploads\/2026\/01\/Kerry4.jpg 1200w\" sizes=\"auto, (max-width: 225px) 100vw, 225px\" \/><\/a> <a href=\"https:\/\/www.levriers-du-sud.org\/site\/wp-content\/uploads\/2026\/01\/Kerry5.jpg\"><img loading=\"lazy\" decoding=\"async\" class=\"alignnone size-medium wp-image-59093\" src=\"https:\/\/www.levriers-du-sud.org\/site\/wp-content\/uploads\/2026\/01\/Kerry5-225x300.jpg\" alt=\"\" width=\"225\" height=\"300\" srcset=\"https:\/\/www.levriers-du-sud.org\/site\/wp-content\/uploads\/2026\/01\/Kerry5-225x300.jpg 225w, https:\/\/www.levriers-du-sud.org\/site\/wp-content\/uploads\/2026\/01\/Kerry5-768x1024.jpg 768w, https:\/\/www.levriers-du-sud.org\/site\/wp-content\/uploads\/2026\/01\/Kerry5-1152x1536.jpg 1152w, https:\/\/www.levriers-du-sud.org\/site\/wp-content\/uploads\/2026\/01\/Kerry5.jpg 1200w\" sizes=\"auto, (max-width: 225px) 100vw, 225px\" \/><\/a><\/p>\n<p>&nbsp;<\/p>\n","protected":false},"excerpt":{"rendered":"<p>Type : galgo Sexe : m\u00e2le Age : 3 ans (01\/01\/12023) Sant\u00e9\u00a0 : Castr\u00e9, vaccin\u00e9, identifi\u00e9 , et test\u00e9 au 3 MM Situation en pension \u00e0 notre charge Acunr 55 euros par mois Test chat \u00e0 pr\u00e9voir Commentaires : Nous sommes en relations avec un groupe qui lance des SOS pour r\u00e9cup\u00e9rer des galgos directement [&hellip;]<\/p>\n","protected":false},"author":2,"featured_media":0,"comment_status":"open","ping_status":"open","sticky":false,"template":"","format":"standard","meta":{"footnotes":""},"categories":[23,30,5,19,13,4],"tags":[],"class_list":["post-59087","post","type-post","status-publish","format-standard","hentry","category-3-maladies-mediterraneennes","category-chien-a-notre-charge","category-galgos","category-galgos-adoptes","category-ok-chiens","category-urgences"],"aioseo_notices":[],"_links":{"self":[{"href":"https:\/\/www.levriers-du-sud.org\/site\/wp-json\/wp\/v2\/posts\/59087","targetHints":{"allow":["GET"]}}],"collection":[{"href":"https:\/\/www.levriers-du-sud.org\/site\/wp-json\/wp\/v2\/posts"}],"about":[{"href":"https:\/\/www.levriers-du-sud.org\/site\/wp-json\/wp\/v2\/types\/post"}],"author":[{"embeddable":true,"href":"https:\/\/www.levriers-du-sud.org\/site\/wp-json\/wp\/v2\/users\/2"}],"replies":[{"embeddable":true,"href":"https:\/\/www.levriers-du-sud.org\/site\/wp-json\/wp\/v2\/comments?post=59087"}],"version-history":[{"count":0,"href":"https:\/\/www.levriers-du-sud.org\/site\/wp-json\/wp\/v2\/posts\/59087\/revisions"}],"wp:attachment":[{"href":"https:\/\/www.levriers-du-sud.org\/site\/wp-json\/wp\/v2\/media?parent=59087"}],"wp:term":[{"taxonomy":"category","embeddable":true,"href":"https:\/\/www.levriers-du-sud.org\/site\/wp-json\/wp\/v2\/categories?post=59087"},{"taxonomy":"post_tag","embeddable":true,"href":"https:\/\/www.levriers-du-sud.org\/site\/wp-json\/wp\/v2\/tags?post=59087"}],"curies":[{"name":"wp","href":"https:\/\/api.w.org\/{rel}","templated":true}]}}