{"id":59209,"date":"2026-03-08T15:33:26","date_gmt":"2026-03-08T13:33:26","guid":{"rendered":"https:\/\/www.levriers-du-sud.org\/site\/?p=59209"},"modified":"2026-03-08T15:33:26","modified_gmt":"2026-03-08T13:33:26","slug":"gala-a-besoin-de-nous","status":"publish","type":"post","link":"https:\/\/www.levriers-du-sud.org\/site\/08\/03\/2026\/gala-a-besoin-de-nous\/","title":{"rendered":"Gala a besoin de nous"},"content":{"rendered":"<div class=\"relative basis-auto flex-col -mb-(--composer-overlap-px) [--composer-overlap-px:28px] grow flex\">\n<div class=\"flex flex-col text-sm pb-25\">\n<article class=\"text-token-text-primary w-full focus:outline-none [--shadow-height:45px] has-data-writing-block:pointer-events-none has-data-writing-block:-mt-(--shadow-height) has-data-writing-block:pt-(--shadow-height) [&amp;:has([data-writing-block])&gt;*]:pointer-events-auto scroll-mt-[calc(var(--header-height)+min(200px,max(70px,20svh)))]\" dir=\"auto\" tabindex=\"-1\" data-turn-id=\"request-WEB:d350f0a4-45db-486b-a63c-01b9cf19b09e-1\" data-testid=\"conversation-turn-4\" data-scroll-anchor=\"true\" data-turn=\"assistant\">\n<div class=\"text-base my-auto mx-auto pb-10 [--thread-content-margin:var(--thread-content-margin-xs,calc(var(--spacing)*4))] @w-sm\/main:[--thread-content-margin:var(--thread-content-margin-sm,calc(var(--spacing)*6))] @w-lg\/main:[--thread-content-margin:var(--thread-content-margin-lg,calc(var(--spacing)*16))] px-(--thread-content-margin)\">\n<div class=\"[--thread-content-max-width:40rem] @w-lg\/main:[--thread-content-max-width:48rem] mx-auto max-w-(--thread-content-max-width) flex-1 group\/turn-messages focus-visible:outline-hidden relative flex w-full min-w-0 flex-col agent-turn\" tabindex=\"-1\">\n<div class=\"flex max-w-full flex-col gap-4 grow\">\n<div class=\"min-h-8 text-message relative flex w-full flex-col items-end gap-2 text-start break-words whitespace-normal [.text-message+&amp;]:mt-1\" dir=\"auto\" data-message-author-role=\"assistant\" data-message-id=\"73a12974-a777-476b-b95a-b54ad87aae8a\" data-message-model-slug=\"gpt-5-3\">\n<div class=\"flex w-full flex-col gap-1 empty:hidden\">\n<div class=\"markdown prose dark:prose-invert w-full wrap-break-word light markdown-new-styling\">\n<p data-start=\"108\" data-end=\"139\"><strong data-start=\"108\" data-end=\"139\"> Appel aux dons pour Gala<\/strong><\/p>\n<p data-start=\"141\" data-end=\"310\">Gala est une douce <strong data-start=\"160\" data-end=\"181\">galga n\u00e9e en 2019<\/strong>, adopt\u00e9e il y a maintenant 4 ans par une merveilleuse adoptante gr\u00e2ce \u00e0 notre association <span class=\"hover:entity-accent entity-underline inline cursor-pointer align-baseline\"><span class=\"whitespace-normal\">L\u00e9vriers du Sud<\/span><\/span>.<\/p>\n<p data-start=\"312\" data-end=\"744\">Lorsque Gala est arriv\u00e9e dans sa famille, elle est atteinte de <strong data-start=\"398\" data-end=\"439\"><span class=\"hover:entity-accent entity-underline inline cursor-pointer align-baseline\"><span class=\"whitespace-normal\">Leishmaniose<\/span><\/span><\/strong>, une maladie lourde qui demande un suivi constant. Depuis le premier jour, son adoptante s\u2019est battue pour elle. Malgr\u00e9 de grandes difficult\u00e9s personnelles ces derniers temps, elle n\u2019a jamais cess\u00e9 de prendre soin de Gala. Chaque mois, Gala voit le v\u00e9t\u00e9rinaire et suit consciencieusement ses traitements.<\/p>\n<p data-start=\"746\" data-end=\"1033\">Mais la vie r\u00e9serve parfois des \u00e9preuves suppl\u00e9mentaires. Un changement de lieu de vie et la s\u00e9paration avec une autre galga avec qui elle vivait ont provoqu\u00e9 un grand stress. Chez les chiens atteints de leishmaniose, ces bouleversements peuvent malheureusement <strong data-start=\"1008\" data-end=\"1032\">r\u00e9activer la maladie<\/strong>.<\/p>\n<p data-start=\"1035\" data-end=\"1243\">Aujourd\u2019hui, Gala est <strong data-start=\"1057\" data-end=\"1084\">hospitalis\u00e9e en urgence<\/strong> avec un <strong data-start=\"1093\" data-end=\"1119\">taux d\u2019ur\u00e9e tr\u00e8s \u00e9lev\u00e9<\/strong>. La situation est grave, mais nous avons d\u00e9cid\u00e9 de <strong data-start=\"1171\" data-end=\"1242\">mener ce combat ensemble : Gala, son adoptante et notre association<\/strong>.<\/p>\n<p data-start=\"1245\" data-end=\"1348\">Une premi\u00e8re facture de <strong data-start=\"1269\" data-end=\"1278\">200 \u20ac<\/strong> vient d\u00e9j\u00e0 d\u2019\u00eatre r\u00e9gl\u00e9e, mais d\u2019autres frais arrivent rapidement :<\/p>\n<ul data-start=\"1349\" data-end=\"1467\">\n<li data-section-id=\"xylkhn\" data-start=\"1349\" data-end=\"1368\">\n<p data-start=\"1351\" data-end=\"1368\">hospitalisation<\/p>\n<\/li>\n<li data-section-id=\"c22gld\" data-start=\"1369\" data-end=\"1402\">\n<p data-start=\"1371\" data-end=\"1402\">s\u00e9rologie r\u00e9alis\u00e9e en urgence<\/p>\n<\/li>\n<li data-section-id=\"2hub4i\" data-start=\"1403\" data-end=\"1467\">\n<p data-start=\"1405\" data-end=\"1467\">traitements sp\u00e9cifiques comme <strong data-start=\"1435\" data-end=\"1449\">Milteforan<\/strong> ou <strong data-start=\"1453\" data-end=\"1467\">Glucantime<\/strong><\/p>\n<\/li>\n<\/ul>\n<p data-start=\"1469\" data-end=\"1566\">Ces soins sont indispensables pour lui donner <strong data-start=\"1515\" data-end=\"1565\">une chance de continuer \u00e0 vivre et \u00e0 se battre<\/strong>.<\/p>\n<p data-start=\"1568\" data-end=\"1700\">C\u2019est pourquoi aujourd\u2019hui nous faisons appel \u00e0 votre solidarit\u00e9.<br data-start=\"1633\" data-end=\"1636\" \/>Chaque don, m\u00eame petit, peut aider Gala \u00e0 poursuivre son combat.<\/p>\n<p data-start=\"1702\" data-end=\"1733\">\u2764\ufe0f <strong data-start=\"1705\" data-end=\"1733\">Aidez-nous \u00e0 aider Gala.<\/strong><\/p>\n<p data-start=\"1735\" data-end=\"1798\">Dons possibles pour : <strong data-start=\"1757\" data-end=\"1798\"><span class=\"hover:entity-accent entity-underline inline cursor-pointer align-baseline\"><span class=\"whitespace-normal\">L\u00e9vriers du Sud<\/span><\/span><\/strong><\/p>\n<p data-start=\"1800\" data-end=\"1890\">Merci du fond du c\u0153ur pour votre soutien envers Gala et tous les l\u00e9vriers que\u00a0 nous aidons.<\/p>\n<p data-start=\"1800\" data-end=\"1890\"><a href=\"https:\/\/www.levriers-du-sud.org\/site\/wp-content\/uploads\/2026\/03\/6862269639065498741-1.jpg\"><img loading=\"lazy\" decoding=\"async\" class=\"size-medium wp-image-59210 aligncenter\" src=\"https:\/\/www.levriers-du-sud.org\/site\/wp-content\/uploads\/2026\/03\/6862269639065498741-1-225x300.jpg\" alt=\"\" width=\"225\" height=\"300\" srcset=\"https:\/\/www.levriers-du-sud.org\/site\/wp-content\/uploads\/2026\/03\/6862269639065498741-1-225x300.jpg 225w, https:\/\/www.levriers-du-sud.org\/site\/wp-content\/uploads\/2026\/03\/6862269639065498741-1-768x1024.jpg 768w, https:\/\/www.levriers-du-sud.org\/site\/wp-content\/uploads\/2026\/03\/6862269639065498741-1-1152x1536.jpg 1152w, https:\/\/www.levriers-du-sud.org\/site\/wp-content\/uploads\/2026\/03\/6862269639065498741-1.jpg 1536w\" sizes=\"auto, (max-width: 225px) 100vw, 225px\" \/><\/a><\/p>\n<\/div>\n<\/div>\n<\/div>\n<\/div>\n<div class=\"z-0 flex min-h-[46px] justify-start\"><\/div>\n<div class=\"mt-3 w-full empty:hidden\">\n<div class=\"text-center\"><\/div>\n<\/div>\n<\/div>\n<\/div>\n<\/article>\n<\/div>\n<div class=\"pointer-events-none h-px w-px absolute bottom-0\" aria-hidden=\"true\" data-edge=\"true\"><\/div>\n<\/div>\n<div id=\"thread-bottom-container\" class=\"sticky bottom-0 group\/thread-bottom-container relative isolate z-10 w-full basis-auto has-data-has-thread-error:pt-2 has-data-has-thread-error:[box-shadow:var(--sharp-edge-bottom-shadow)] md:border-transparent md:pt-0 dark:border-white\/20 md:dark:border-transparent print:hidden content-fade single-line flex flex-col\">\n<div class=\"relative h-0\">\n<div><\/div>\n<\/div>\n<div id=\"thread-bottom\">\n<div>\n<div class=\"text-base mx-auto [--thread-content-margin:var(--thread-content-margin-xs,calc(var(--spacing)*4))] @w-sm\/main:[--thread-content-margin:var(--thread-content-margin-sm,calc(var(--spacing)*6))] @w-lg\/main:[--thread-content-margin:var(--thread-content-margin-lg,calc(var(--spacing)*16))] px-(--thread-content-margin)\">\n<div class=\"[--thread-content-max-width:40rem] @w-lg\/main:[--thread-content-max-width:48rem] mx-auto max-w-(--thread-content-max-width) flex-1 mb-[var(--thread-component-gap,1rem)]\">\n<div class=\"flex justify-center empty:hidden\"><\/div>\n<div class=\"pointer-events-auto relative z-1 flex h-(--composer-container-height,100%) max-w-full flex-(--composer-container-flex,1) flex-col\">\n<div class=\"absolute start-0 end-0 bottom-full z-20\"><\/div>\n<form class=\"group\/composer w-full\" data-type=\"unified-composer\">\n<div class=\"hidden\"><input tabindex=\"-1\" multiple=\"multiple\" type=\"file\" \/><\/div>\n<div class=\"\">\n<div class=\"bg-token-bg-primary corner-superellipse\/1.1 cursor-text overflow-clip bg-clip-padding p-2.5 contain-inline-size motion-safe:transition-colors motion-safe:duration-200 motion-safe:ease-in-out dark:bg-[#303030] grid grid-cols-[auto_1fr_auto] [grid-template-areas:'header_header_header'_'leading_primary_trailing'_'._footer_.'] group-data-expanded\/composer:[grid-template-areas:'header_header_header'_'primary_primary_primary'_'leading_footer_trailing'] shadow-short\" data-composer-surface=\"true\">\n<div class=\"-my-2.5 flex min-h-14 items-center overflow-x-hidden px-1.5 [grid-area:primary] group-data-expanded\/composer:mb-0 group-data-expanded\/composer:px-2.5\">\n<div class=\"wcDTda_prosemirror-parent text-token-text-primary max-h-[max(30svh,5rem)] max-h-52 min-h-[var(--deep-research-composer-extra-height,unset)] flex-1 overflow-auto [scrollbar-width:thin] default-browser vertical-scroll-fade-mask\"><textarea class=\"wcDTda_fallbackTextarea\" name=\"prompt-textarea\" autofocus=\"\" placeholder=\"Poser une question\" data-virtualkeyboard=\"true\"><\/textarea><\/p>\n<div id=\"prompt-textarea\" class=\"ProseMirror\" role=\"textbox\" contenteditable=\"true\" translate=\"no\" data-virtualkeyboard=\"true\" aria-multiline=\"true\"><\/div>\n<\/div>\n<\/div>\n<div class=\"[grid-area:leading]\"><\/div>\n<div class=\"flex items-center gap-2 [grid-area:trailing]\">\n<div class=\"ms-auto flex items-center gap-1.5\"><button class=\"composer-btn\" type=\"button\" aria-label=\"Bouton Dicter\"><\/button><\/p>\n<div>\n<div class=\"relative\"><\/div>\n<\/div>\n<\/div>\n<\/div>\n<\/div>\n<\/div>\n<\/form>\n<\/div>\n<\/div>\n<\/div>\n<\/div>\n<\/div>\n<\/div>\n","protected":false},"excerpt":{"rendered":"<p>Appel aux dons pour Gala Gala est une douce galga n\u00e9e en 2019, adopt\u00e9e il y a maintenant 4 ans par une merveilleuse adoptante gr\u00e2ce \u00e0 notre association L\u00e9vriers du Sud. Lorsque Gala est arriv\u00e9e dans sa famille, elle est atteinte de Leishmaniose, une maladie lourde qui demande un suivi constant. Depuis le premier jour, [&hellip;]<\/p>\n","protected":false},"author":2,"featured_media":0,"comment_status":"open","ping_status":"open","sticky":false,"template":"","format":"standard","meta":{"footnotes":""},"categories":[3,4],"tags":[],"class_list":["post-59209","post","type-post","status-publish","format-standard","hentry","category-infos-du-jour","category-urgences"],"aioseo_notices":[],"_links":{"self":[{"href":"https:\/\/www.levriers-du-sud.org\/site\/wp-json\/wp\/v2\/posts\/59209","targetHints":{"allow":["GET"]}}],"collection":[{"href":"https:\/\/www.levriers-du-sud.org\/site\/wp-json\/wp\/v2\/posts"}],"about":[{"href":"https:\/\/www.levriers-du-sud.org\/site\/wp-json\/wp\/v2\/types\/post"}],"author":[{"embeddable":true,"href":"https:\/\/www.levriers-du-sud.org\/site\/wp-json\/wp\/v2\/users\/2"}],"replies":[{"embeddable":true,"href":"https:\/\/www.levriers-du-sud.org\/site\/wp-json\/wp\/v2\/comments?post=59209"}],"version-history":[{"count":0,"href":"https:\/\/www.levriers-du-sud.org\/site\/wp-json\/wp\/v2\/posts\/59209\/revisions"}],"wp:attachment":[{"href":"https:\/\/www.levriers-du-sud.org\/site\/wp-json\/wp\/v2\/media?parent=59209"}],"wp:term":[{"taxonomy":"category","embeddable":true,"href":"https:\/\/www.levriers-du-sud.org\/site\/wp-json\/wp\/v2\/categories?post=59209"},{"taxonomy":"post_tag","embeddable":true,"href":"https:\/\/www.levriers-du-sud.org\/site\/wp-json\/wp\/v2\/tags?post=59209"}],"curies":[{"name":"wp","href":"https:\/\/api.w.org\/{rel}","templated":true}]}}