{"id":59213,"date":"2026-03-09T10:47:28","date_gmt":"2026-03-09T08:47:28","guid":{"rendered":"https:\/\/www.levriers-du-sud.org\/site\/?p=59213"},"modified":"2026-03-09T11:11:29","modified_gmt":"2026-03-09T09:11:29","slug":"vega-magina-animal","status":"publish","type":"post","link":"https:\/\/www.levriers-du-sud.org\/site\/09\/03\/2026\/vega-magina-animal\/","title":{"rendered":"Vega (Magina animal)"},"content":{"rendered":"<p><strong>Type :<\/strong> Podenca<br \/>\n<strong>Sexe : Femelle<\/strong><br \/>\n<strong>Age :<\/strong> 6 ans aout 2020<br \/>\n<strong>Sant\u00e9\u00a0 : St\u00e9rilis\u00e9e, vaccin\u00e9e, identifi\u00e9e , et test\u00e9e au 3 MM<\/strong><\/p>\n<p>Situation en refuge Magina animal<\/p>\n<p>Ok chat<\/p>\n<p>Commentaires :<\/p>\n<div>Vega, une femelle st\u00e9rilis\u00e9e.<\/div>\n<div><\/div>\n<div>Date de naissance : ao\u00fbt 2020.<\/div>\n<div><\/div>\n<div>Hauteur 40 cm, poids approximatif 10 kilos.<\/div>\n<div><\/div>\n<div>Vega est une petite chienne qui vit depuis pr\u00e8s de deux ans dans l&rsquo;une des cliniques v\u00e9t\u00e9rinaires avec lesquelles nous collaborons.<\/div>\n<div><\/div>\n<div>Ils m&rsquo;ont demand\u00e9 de les aider \u00e0 lui trouver un foyer, car la clinique n&rsquo;est pas un endroit o\u00f9 il pourra vivre ind\u00e9finiment.<\/div>\n<div><\/div>\n<div>Vega a \u00e9t\u00e9 retrouv\u00e9e avec un f\u00e9mur fractur\u00e9 ; elle a subi une intervention chirurgicale et a gard\u00e9 une l\u00e9g\u00e8re boiterie.<\/div>\n<div><\/div>\n<div>Vega est une petite chienne tr\u00e8s timide\u00a0; elle a besoin d&rsquo;\u00eatre socialis\u00e9e. Quand on essaie de la caresser, elle se cache, mais si on parvient \u00e0 la prendre dans ses bras, elle ne fait aucun geste d\u00e9sagr\u00e9able. C&rsquo;est pourquoi nous pensons que dans une famille qui lui consacre du temps et de l&rsquo;attention, Vega peut \u00e9voluer, m\u00eame si elle restera peut-\u00eatre toujours timide.<\/div>\n<div><a href=\"https:\/\/www.levriers-du-sud.org\/site\/wp-content\/uploads\/2026\/03\/IMG_20260301_102058-scaled.jpg\"><img loading=\"lazy\" decoding=\"async\" class=\"alignnone size-medium wp-image-59214\" src=\"https:\/\/www.levriers-du-sud.org\/site\/wp-content\/uploads\/2026\/03\/IMG_20260301_102058-300x225.jpg\" alt=\"\" width=\"300\" height=\"225\" srcset=\"https:\/\/www.levriers-du-sud.org\/site\/wp-content\/uploads\/2026\/03\/IMG_20260301_102058-300x225.jpg 300w, https:\/\/www.levriers-du-sud.org\/site\/wp-content\/uploads\/2026\/03\/IMG_20260301_102058-1024x768.jpg 1024w, https:\/\/www.levriers-du-sud.org\/site\/wp-content\/uploads\/2026\/03\/IMG_20260301_102058-768x576.jpg 768w, https:\/\/www.levriers-du-sud.org\/site\/wp-content\/uploads\/2026\/03\/IMG_20260301_102058-1536x1152.jpg 1536w, https:\/\/www.levriers-du-sud.org\/site\/wp-content\/uploads\/2026\/03\/IMG_20260301_102058-2048x1536.jpg 2048w\" sizes=\"auto, (max-width: 300px) 100vw, 300px\" \/><\/a> <a href=\"https:\/\/www.levriers-du-sud.org\/site\/wp-content\/uploads\/2026\/03\/IMG_20260301_160630.jpg\"><img loading=\"lazy\" decoding=\"async\" class=\"alignnone size-medium wp-image-59215\" src=\"https:\/\/www.levriers-du-sud.org\/site\/wp-content\/uploads\/2026\/03\/IMG_20260301_160630-300x225.jpg\" alt=\"\" width=\"300\" height=\"225\" srcset=\"https:\/\/www.levriers-du-sud.org\/site\/wp-content\/uploads\/2026\/03\/IMG_20260301_160630-300x225.jpg 300w, https:\/\/www.levriers-du-sud.org\/site\/wp-content\/uploads\/2026\/03\/IMG_20260301_160630-1024x768.jpg 1024w, https:\/\/www.levriers-du-sud.org\/site\/wp-content\/uploads\/2026\/03\/IMG_20260301_160630-768x576.jpg 768w, https:\/\/www.levriers-du-sud.org\/site\/wp-content\/uploads\/2026\/03\/IMG_20260301_160630-1536x1152.jpg 1536w, https:\/\/www.levriers-du-sud.org\/site\/wp-content\/uploads\/2026\/03\/IMG_20260301_160630-2048x1536.jpg 2048w\" sizes=\"auto, (max-width: 300px) 100vw, 300px\" \/><\/a> <a href=\"https:\/\/www.levriers-du-sud.org\/site\/wp-content\/uploads\/2026\/03\/IMG_20260301_160640-1-scaled.jpg\"><img loading=\"lazy\" decoding=\"async\" class=\"alignnone size-medium wp-image-59216\" src=\"https:\/\/www.levriers-du-sud.org\/site\/wp-content\/uploads\/2026\/03\/IMG_20260301_160640-1-300x226.jpg\" alt=\"\" width=\"300\" height=\"226\" srcset=\"https:\/\/www.levriers-du-sud.org\/site\/wp-content\/uploads\/2026\/03\/IMG_20260301_160640-1-300x226.jpg 300w, https:\/\/www.levriers-du-sud.org\/site\/wp-content\/uploads\/2026\/03\/IMG_20260301_160640-1-1024x773.jpg 1024w, https:\/\/www.levriers-du-sud.org\/site\/wp-content\/uploads\/2026\/03\/IMG_20260301_160640-1-768x580.jpg 768w, https:\/\/www.levriers-du-sud.org\/site\/wp-content\/uploads\/2026\/03\/IMG_20260301_160640-1-1536x1159.jpg 1536w, https:\/\/www.levriers-du-sud.org\/site\/wp-content\/uploads\/2026\/03\/IMG_20260301_160640-1-2048x1546.jpg 2048w\" sizes=\"auto, (max-width: 300px) 100vw, 300px\" \/><\/a> <a href=\"https:\/\/www.levriers-du-sud.org\/site\/wp-content\/uploads\/2026\/03\/IMG_20260301_160711-scaled.jpg\"><img loading=\"lazy\" decoding=\"async\" class=\"alignnone size-medium wp-image-59218\" src=\"https:\/\/www.levriers-du-sud.org\/site\/wp-content\/uploads\/2026\/03\/IMG_20260301_160711-300x253.jpg\" alt=\"\" width=\"300\" height=\"253\" srcset=\"https:\/\/www.levriers-du-sud.org\/site\/wp-content\/uploads\/2026\/03\/IMG_20260301_160711-300x253.jpg 300w, https:\/\/www.levriers-du-sud.org\/site\/wp-content\/uploads\/2026\/03\/IMG_20260301_160711-1024x862.jpg 1024w, https:\/\/www.levriers-du-sud.org\/site\/wp-content\/uploads\/2026\/03\/IMG_20260301_160711-768x646.jpg 768w, https:\/\/www.levriers-du-sud.org\/site\/wp-content\/uploads\/2026\/03\/IMG_20260301_160711-1536x1293.jpg 1536w, https:\/\/www.levriers-du-sud.org\/site\/wp-content\/uploads\/2026\/03\/IMG_20260301_160711-2048x1724.jpg 2048w\" sizes=\"auto, (max-width: 300px) 100vw, 300px\" \/><\/a><\/div>\n<div>\n<div style=\"width: 1024px;\" class=\"wp-video\"><!--[if lt IE 9]><script>document.createElement('video');<\/script><![endif]-->\n<video class=\"wp-video-shortcode\" id=\"video-59213-1\" width=\"1024\" height=\"576\" preload=\"metadata\" controls=\"controls\"><source type=\"video\/mp4\" src=\"https:\/\/www.levriers-du-sud.org\/site\/wp-content\/uploads\/2026\/03\/VID_20260303_173912_0_COMPRESSED-3.mp4?_=1\" \/><a href=\"https:\/\/www.levriers-du-sud.org\/site\/wp-content\/uploads\/2026\/03\/VID_20260303_173912_0_COMPRESSED-3.mp4\">https:\/\/www.levriers-du-sud.org\/site\/wp-content\/uploads\/2026\/03\/VID_20260303_173912_0_COMPRESSED-3.mp4<\/a><\/video><\/div>\n<\/div>\n","protected":false},"excerpt":{"rendered":"<p>Type : Podenca Sexe : Femelle Age : 6 ans aout 2020 Sant\u00e9\u00a0 : St\u00e9rilis\u00e9e, vaccin\u00e9e, identifi\u00e9e , et test\u00e9e au 3 MM Situation en refuge Magina animal Ok chat Commentaires : Vega, une femelle st\u00e9rilis\u00e9e. Date de naissance : ao\u00fbt 2020. Hauteur 40 cm, poids approximatif 10 kilos. Vega est une petite chienne qui [&hellip;]<\/p>\n","protected":false},"author":2,"featured_media":0,"comment_status":"open","ping_status":"open","sticky":false,"template":"","format":"standard","meta":{"footnotes":""},"categories":[23,14,13,6,4],"tags":[],"class_list":["post-59213","post","type-post","status-publish","format-standard","hentry","category-3-maladies-mediterraneennes","category-ok-chats","category-ok-chiens","category-podencos","category-urgences"],"aioseo_notices":[],"_links":{"self":[{"href":"https:\/\/www.levriers-du-sud.org\/site\/wp-json\/wp\/v2\/posts\/59213","targetHints":{"allow":["GET"]}}],"collection":[{"href":"https:\/\/www.levriers-du-sud.org\/site\/wp-json\/wp\/v2\/posts"}],"about":[{"href":"https:\/\/www.levriers-du-sud.org\/site\/wp-json\/wp\/v2\/types\/post"}],"author":[{"embeddable":true,"href":"https:\/\/www.levriers-du-sud.org\/site\/wp-json\/wp\/v2\/users\/2"}],"replies":[{"embeddable":true,"href":"https:\/\/www.levriers-du-sud.org\/site\/wp-json\/wp\/v2\/comments?post=59213"}],"version-history":[{"count":1,"href":"https:\/\/www.levriers-du-sud.org\/site\/wp-json\/wp\/v2\/posts\/59213\/revisions"}],"predecessor-version":[{"id":59219,"href":"https:\/\/www.levriers-du-sud.org\/site\/wp-json\/wp\/v2\/posts\/59213\/revisions\/59219"}],"wp:attachment":[{"href":"https:\/\/www.levriers-du-sud.org\/site\/wp-json\/wp\/v2\/media?parent=59213"}],"wp:term":[{"taxonomy":"category","embeddable":true,"href":"https:\/\/www.levriers-du-sud.org\/site\/wp-json\/wp\/v2\/categories?post=59213"},{"taxonomy":"post_tag","embeddable":true,"href":"https:\/\/www.levriers-du-sud.org\/site\/wp-json\/wp\/v2\/tags?post=59213"}],"curies":[{"name":"wp","href":"https:\/\/api.w.org\/{rel}","templated":true}]}}