{"id":59221,"date":"2026-03-09T11:09:42","date_gmt":"2026-03-09T09:09:42","guid":{"rendered":"https:\/\/www.levriers-du-sud.org\/site\/?p=59221"},"modified":"2026-03-09T11:14:06","modified_gmt":"2026-03-09T09:14:06","slug":"kross-magina-animal","status":"publish","type":"post","link":"https:\/\/www.levriers-du-sud.org\/site\/09\/03\/2026\/kross-magina-animal\/","title":{"rendered":"Kross (Magina animal)"},"content":{"rendered":"<p><strong>Type :<\/strong> Galgo\/berger allemand<br \/>\n<strong>Sexe : M\u00e2le<\/strong><br \/>\n<strong>Age :<\/strong> 1 an<br \/>\n<strong>Sant\u00e9\u00a0 : Castr\u00e9, vaccin\u00e9, identifi\u00e9 , et test\u00e9 au 3 MM<\/strong><\/p>\n<p>Taille 66 cm<\/p>\n<p>Test chat \u00e0 pr\u00e9voir<\/p>\n<p>Situation en refuge Magina animal<\/p>\n<p>Commentaires :<\/p>\n<div>Nous avons trouv\u00e9 Kross un matin pr\u00e8s du refuge ; c&rsquo;est un chien tellement soumis que lorsque je suis sortie de la voiture pour le prendre dans mes bras, il s&rsquo;est enroul\u00e9 sur le sol.<\/div>\n<div><\/div>\n<div>C&rsquo;est un chien tr\u00e8s soumis ; on voit bien qu&rsquo;il n&rsquo;a pas eu une vie facile, mais je peux aussi dire qu&rsquo;il peut \u00eatre un chien tr\u00e8s affectueux et intelligent, capable de donner tout son amour \u00e0 une famille.<\/div>\n<div><\/div>\n<div><a href=\"https:\/\/www.levriers-du-sud.org\/site\/wp-content\/uploads\/2026\/03\/IMG_20260301_160615-1-scaled.jpg\"><img loading=\"lazy\" decoding=\"async\" class=\"alignnone size-medium wp-image-59222\" src=\"https:\/\/www.levriers-du-sud.org\/site\/wp-content\/uploads\/2026\/03\/IMG_20260301_160615-1-300x237.jpg\" alt=\"\" width=\"300\" height=\"237\" srcset=\"https:\/\/www.levriers-du-sud.org\/site\/wp-content\/uploads\/2026\/03\/IMG_20260301_160615-1-300x237.jpg 300w, https:\/\/www.levriers-du-sud.org\/site\/wp-content\/uploads\/2026\/03\/IMG_20260301_160615-1-1024x808.jpg 1024w, https:\/\/www.levriers-du-sud.org\/site\/wp-content\/uploads\/2026\/03\/IMG_20260301_160615-1-768x606.jpg 768w, https:\/\/www.levriers-du-sud.org\/site\/wp-content\/uploads\/2026\/03\/IMG_20260301_160615-1-1536x1212.jpg 1536w, https:\/\/www.levriers-du-sud.org\/site\/wp-content\/uploads\/2026\/03\/IMG_20260301_160615-1-2048x1616.jpg 2048w\" sizes=\"auto, (max-width: 300px) 100vw, 300px\" \/><\/a> <a href=\"https:\/\/www.levriers-du-sud.org\/site\/wp-content\/uploads\/2026\/03\/IMG_20260301_160534-scaled.jpg\"><img loading=\"lazy\" decoding=\"async\" class=\"alignnone size-medium wp-image-59223\" src=\"https:\/\/www.levriers-du-sud.org\/site\/wp-content\/uploads\/2026\/03\/IMG_20260301_160534-300x235.jpg\" alt=\"\" width=\"300\" height=\"235\" srcset=\"https:\/\/www.levriers-du-sud.org\/site\/wp-content\/uploads\/2026\/03\/IMG_20260301_160534-300x235.jpg 300w, https:\/\/www.levriers-du-sud.org\/site\/wp-content\/uploads\/2026\/03\/IMG_20260301_160534-1024x803.jpg 1024w, https:\/\/www.levriers-du-sud.org\/site\/wp-content\/uploads\/2026\/03\/IMG_20260301_160534-768x602.jpg 768w, https:\/\/www.levriers-du-sud.org\/site\/wp-content\/uploads\/2026\/03\/IMG_20260301_160534-1536x1204.jpg 1536w, https:\/\/www.levriers-du-sud.org\/site\/wp-content\/uploads\/2026\/03\/IMG_20260301_160534-2048x1606.jpg 2048w\" sizes=\"auto, (max-width: 300px) 100vw, 300px\" \/><\/a> <a href=\"https:\/\/www.levriers-du-sud.org\/site\/wp-content\/uploads\/2026\/03\/IMG_20260301_130251-scaled.jpg\"><img loading=\"lazy\" decoding=\"async\" class=\"alignnone size-medium wp-image-59224\" src=\"https:\/\/www.levriers-du-sud.org\/site\/wp-content\/uploads\/2026\/03\/IMG_20260301_130251-300x225.jpg\" alt=\"\" width=\"300\" height=\"225\" srcset=\"https:\/\/www.levriers-du-sud.org\/site\/wp-content\/uploads\/2026\/03\/IMG_20260301_130251-300x225.jpg 300w, https:\/\/www.levriers-du-sud.org\/site\/wp-content\/uploads\/2026\/03\/IMG_20260301_130251-1024x768.jpg 1024w, https:\/\/www.levriers-du-sud.org\/site\/wp-content\/uploads\/2026\/03\/IMG_20260301_130251-768x576.jpg 768w, https:\/\/www.levriers-du-sud.org\/site\/wp-content\/uploads\/2026\/03\/IMG_20260301_130251-1536x1152.jpg 1536w, https:\/\/www.levriers-du-sud.org\/site\/wp-content\/uploads\/2026\/03\/IMG_20260301_130251-2048x1536.jpg 2048w\" sizes=\"auto, (max-width: 300px) 100vw, 300px\" \/><\/a> <a href=\"https:\/\/www.levriers-du-sud.org\/site\/wp-content\/uploads\/2026\/03\/IMG_20260228_185101-1-scaled.jpg\"><img loading=\"lazy\" decoding=\"async\" class=\"alignnone size-medium wp-image-59225\" src=\"https:\/\/www.levriers-du-sud.org\/site\/wp-content\/uploads\/2026\/03\/IMG_20260228_185101-1-300x225.jpg\" alt=\"\" width=\"300\" height=\"225\" srcset=\"https:\/\/www.levriers-du-sud.org\/site\/wp-content\/uploads\/2026\/03\/IMG_20260228_185101-1-300x225.jpg 300w, https:\/\/www.levriers-du-sud.org\/site\/wp-content\/uploads\/2026\/03\/IMG_20260228_185101-1-1024x768.jpg 1024w, https:\/\/www.levriers-du-sud.org\/site\/wp-content\/uploads\/2026\/03\/IMG_20260228_185101-1-768x576.jpg 768w, https:\/\/www.levriers-du-sud.org\/site\/wp-content\/uploads\/2026\/03\/IMG_20260228_185101-1-1536x1152.jpg 1536w, https:\/\/www.levriers-du-sud.org\/site\/wp-content\/uploads\/2026\/03\/IMG_20260228_185101-1-2048x1536.jpg 2048w\" sizes=\"auto, (max-width: 300px) 100vw, 300px\" \/><\/a><\/div>\n<div>\n<div style=\"width: 1024px;\" class=\"wp-video\"><!--[if lt IE 9]><script>document.createElement('video');<\/script><![endif]-->\n<video class=\"wp-video-shortcode\" id=\"video-59221-1\" width=\"1024\" height=\"576\" preload=\"metadata\" controls=\"controls\"><source type=\"video\/mp4\" src=\"https:\/\/www.levriers-du-sud.org\/site\/wp-content\/uploads\/2026\/03\/VID_20260301_160208_0_COMPRESSED.mp4?_=1\" \/><a href=\"https:\/\/www.levriers-du-sud.org\/site\/wp-content\/uploads\/2026\/03\/VID_20260301_160208_0_COMPRESSED.mp4\">https:\/\/www.levriers-du-sud.org\/site\/wp-content\/uploads\/2026\/03\/VID_20260301_160208_0_COMPRESSED.mp4<\/a><\/video><\/div>\n<\/div>\n<div><\/div>\n<div><\/div>\n","protected":false},"excerpt":{"rendered":"<p>Type : Galgo\/berger allemand Sexe : M\u00e2le Age : 1 an Sant\u00e9\u00a0 : Castr\u00e9, vaccin\u00e9, identifi\u00e9 , et test\u00e9 au 3 MM Taille 66 cm Test chat \u00e0 pr\u00e9voir Situation en refuge Magina animal Commentaires : Nous avons trouv\u00e9 Kross un matin pr\u00e8s du refuge ; c&rsquo;est un chien tellement soumis que lorsque je suis [&hellip;]<\/p>\n","protected":false},"author":2,"featured_media":0,"comment_status":"open","ping_status":"open","sticky":false,"template":"","format":"standard","meta":{"footnotes":""},"categories":[23,5,13,4],"tags":[],"class_list":["post-59221","post","type-post","status-publish","format-standard","hentry","category-3-maladies-mediterraneennes","category-galgos","category-ok-chiens","category-urgences"],"aioseo_notices":[],"_links":{"self":[{"href":"https:\/\/www.levriers-du-sud.org\/site\/wp-json\/wp\/v2\/posts\/59221","targetHints":{"allow":["GET"]}}],"collection":[{"href":"https:\/\/www.levriers-du-sud.org\/site\/wp-json\/wp\/v2\/posts"}],"about":[{"href":"https:\/\/www.levriers-du-sud.org\/site\/wp-json\/wp\/v2\/types\/post"}],"author":[{"embeddable":true,"href":"https:\/\/www.levriers-du-sud.org\/site\/wp-json\/wp\/v2\/users\/2"}],"replies":[{"embeddable":true,"href":"https:\/\/www.levriers-du-sud.org\/site\/wp-json\/wp\/v2\/comments?post=59221"}],"version-history":[{"count":0,"href":"https:\/\/www.levriers-du-sud.org\/site\/wp-json\/wp\/v2\/posts\/59221\/revisions"}],"wp:attachment":[{"href":"https:\/\/www.levriers-du-sud.org\/site\/wp-json\/wp\/v2\/media?parent=59221"}],"wp:term":[{"taxonomy":"category","embeddable":true,"href":"https:\/\/www.levriers-du-sud.org\/site\/wp-json\/wp\/v2\/categories?post=59221"},{"taxonomy":"post_tag","embeddable":true,"href":"https:\/\/www.levriers-du-sud.org\/site\/wp-json\/wp\/v2\/tags?post=59221"}],"curies":[{"name":"wp","href":"https:\/\/api.w.org\/{rel}","templated":true}]}}