{"id":59227,"date":"2026-03-09T11:26:29","date_gmt":"2026-03-09T09:26:29","guid":{"rendered":"https:\/\/www.levriers-du-sud.org\/site\/?p=59227"},"modified":"2026-03-09T11:26:29","modified_gmt":"2026-03-09T09:26:29","slug":"dante-magina-animal","status":"publish","type":"post","link":"https:\/\/www.levriers-du-sud.org\/site\/09\/03\/2026\/dante-magina-animal\/","title":{"rendered":"Dante (Magina animal)"},"content":{"rendered":"<p><strong>Type :<\/strong> Mastin<br \/>\n<strong>Sexe : M\u00e2le<\/strong><br \/>\n<strong>Age :<\/strong> 5 ans<br \/>\n<strong>Sant\u00e9\u00a0 : Castr\u00e9, vaccin\u00e9, identifi\u00e9 , et test\u00e9 au 3 MM<\/strong><\/p>\n<p>Taille 66 cm<\/p>\n<p>Test chat \u00e0 pr\u00e9voir<\/p>\n<p>Situation en refuge Magina animal<\/p>\n<p>Commentaires :<\/p>\n<p data-start=\"119\" data-end=\"146\"><strong data-start=\"119\" data-end=\"146\">Dante, le grand oubli\u00e9\u2026<\/strong><\/p>\n<p data-start=\"148\" data-end=\"266\">Depuis des ann\u00e9es, nous partageons l\u2019histoire de ce grand gaillard au c\u0153ur tendre. Et pourtant\u2026 Dante reste invisible.<\/p>\n<p data-start=\"268\" data-end=\"544\">N\u00e9 en <strong data-start=\"274\" data-end=\"291\">novembre 2021<\/strong>, Dante est un grand chien de <strong data-start=\"321\" data-end=\"349\">70 cm pour environ 38 kg<\/strong>. Un beau gar\u00e7on, castr\u00e9, n\u00e9gatif aux maladies\u2026 mais qui attend toujours sa famille. Depuis <strong data-start=\"441\" data-end=\"462\">pr\u00e8s de quatre\u00a0 an et demi<\/strong>, il regarde les autres chiens partir pendant que lui reste derri\u00e8re les barreaux.<\/p>\n<p data-start=\"268\" data-end=\"544\">Son meilleur ami vient d&rsquo;\u00eatre adopt\u00e9 le magnifique Seth et il reste seul.<\/p>\n<p data-start=\"546\" data-end=\"589\">Et pourtant, Dante est tout sauf compliqu\u00e9.<\/p>\n<p data-start=\"591\" data-end=\"823\">C\u2019est un chien <strong data-start=\"606\" data-end=\"647\">doux, calme et extr\u00eamement affectueux<\/strong>. Il adore les c\u00e2lins et cherche toujours la proximit\u00e9 avec les humains. Il <strong data-start=\"723\" data-end=\"753\">marche tr\u00e8s bien en laisse<\/strong> et se montre <strong data-start=\"767\" data-end=\"800\">sociable avec tous les chiens<\/strong>, m\u00e2les comme femelles.<\/p>\n<p data-start=\"825\" data-end=\"1095\">Dante est aussi un chien <strong data-start=\"850\" data-end=\"883\">intelligent et tr\u00e8s adaptable<\/strong>. Il apprend vite et ferait sans aucun doute le bonheur d\u2019une famille. Les bruits forts ou les voitures peuvent parfois l\u2019impressionner un peu, mais il <strong data-start=\"1035\" data-end=\"1069\">\u00e9coute parfaitement les ordres<\/strong> et se rassure rapidement.<\/p>\n<p data-start=\"1097\" data-end=\"1155\">Alors nous nous posons la m\u00eame question, encore et encore\u2026<\/p>\n<p data-start=\"1157\" data-end=\"1354\"><strong data-start=\"1157\" data-end=\"1232\">2026 sera-t-elle enfin l\u2019ann\u00e9e o\u00f9 quelqu\u2019un posera les yeux sur Dante ?<\/strong><br data-start=\"1232\" data-end=\"1235\" \/>Cette ann\u00e9e pour ce \u00ab\u00a0vilain petit canard\u00a0\u00bb,\u00a0 deviendra\u00a0 t&rsquo;elle enfin celle qui le rendra\u00a0 <strong data-start=\"1315\" data-end=\"1352\">le chien le plus heureux du monde<\/strong> ?<\/p>\n<p data-start=\"1356\" data-end=\"1424\">Dante n\u2019attend qu\u2019une chose : <strong data-start=\"1386\" data-end=\"1424\">une famille, un foyer, une chance.<\/strong><\/p>\n<p data-start=\"1426\" data-end=\"1446\">Et si c\u2019\u00e9tait vous ?<\/p>\n<p data-start=\"1426\" data-end=\"1446\"><a href=\"https:\/\/www.levriers-du-sud.org\/site\/wp-content\/uploads\/2026\/03\/IMG_20250205_100655-scaled.jpg\"><img loading=\"lazy\" decoding=\"async\" class=\"alignnone size-medium wp-image-59228\" src=\"https:\/\/www.levriers-du-sud.org\/site\/wp-content\/uploads\/2026\/03\/IMG_20250205_100655-300x225.jpg\" alt=\"\" width=\"300\" height=\"225\" srcset=\"https:\/\/www.levriers-du-sud.org\/site\/wp-content\/uploads\/2026\/03\/IMG_20250205_100655-300x225.jpg 300w, https:\/\/www.levriers-du-sud.org\/site\/wp-content\/uploads\/2026\/03\/IMG_20250205_100655-1024x768.jpg 1024w, https:\/\/www.levriers-du-sud.org\/site\/wp-content\/uploads\/2026\/03\/IMG_20250205_100655-768x576.jpg 768w, https:\/\/www.levriers-du-sud.org\/site\/wp-content\/uploads\/2026\/03\/IMG_20250205_100655-1536x1152.jpg 1536w, https:\/\/www.levriers-du-sud.org\/site\/wp-content\/uploads\/2026\/03\/IMG_20250205_100655-2048x1536.jpg 2048w\" sizes=\"auto, (max-width: 300px) 100vw, 300px\" \/><\/a> <a href=\"https:\/\/www.levriers-du-sud.org\/site\/wp-content\/uploads\/2026\/03\/IMG_20250205_100633-scaled.jpg\"><img loading=\"lazy\" decoding=\"async\" class=\"alignnone size-medium wp-image-59229\" src=\"https:\/\/www.levriers-du-sud.org\/site\/wp-content\/uploads\/2026\/03\/IMG_20250205_100633-300x225.jpg\" alt=\"\" width=\"300\" height=\"225\" srcset=\"https:\/\/www.levriers-du-sud.org\/site\/wp-content\/uploads\/2026\/03\/IMG_20250205_100633-300x225.jpg 300w, https:\/\/www.levriers-du-sud.org\/site\/wp-content\/uploads\/2026\/03\/IMG_20250205_100633-1024x768.jpg 1024w, https:\/\/www.levriers-du-sud.org\/site\/wp-content\/uploads\/2026\/03\/IMG_20250205_100633-768x576.jpg 768w, https:\/\/www.levriers-du-sud.org\/site\/wp-content\/uploads\/2026\/03\/IMG_20250205_100633-1536x1152.jpg 1536w, https:\/\/www.levriers-du-sud.org\/site\/wp-content\/uploads\/2026\/03\/IMG_20250205_100633-2048x1536.jpg 2048w\" sizes=\"auto, (max-width: 300px) 100vw, 300px\" \/><\/a> <a href=\"https:\/\/www.levriers-du-sud.org\/site\/wp-content\/uploads\/2026\/03\/IMG_20250205_100636-scaled.jpg\"><img loading=\"lazy\" decoding=\"async\" class=\"alignnone size-medium wp-image-59230\" src=\"https:\/\/www.levriers-du-sud.org\/site\/wp-content\/uploads\/2026\/03\/IMG_20250205_100636-300x225.jpg\" alt=\"\" width=\"300\" height=\"225\" srcset=\"https:\/\/www.levriers-du-sud.org\/site\/wp-content\/uploads\/2026\/03\/IMG_20250205_100636-300x225.jpg 300w, https:\/\/www.levriers-du-sud.org\/site\/wp-content\/uploads\/2026\/03\/IMG_20250205_100636-1024x768.jpg 1024w, https:\/\/www.levriers-du-sud.org\/site\/wp-content\/uploads\/2026\/03\/IMG_20250205_100636-768x576.jpg 768w, https:\/\/www.levriers-du-sud.org\/site\/wp-content\/uploads\/2026\/03\/IMG_20250205_100636-1536x1152.jpg 1536w, https:\/\/www.levriers-du-sud.org\/site\/wp-content\/uploads\/2026\/03\/IMG_20250205_100636-2048x1536.jpg 2048w\" sizes=\"auto, (max-width: 300px) 100vw, 300px\" \/><\/a> <a href=\"https:\/\/www.levriers-du-sud.org\/site\/wp-content\/uploads\/2026\/03\/IMG_20250205_100654_1-scaled.jpg\"><img loading=\"lazy\" decoding=\"async\" class=\"alignnone size-medium wp-image-59231\" src=\"https:\/\/www.levriers-du-sud.org\/site\/wp-content\/uploads\/2026\/03\/IMG_20250205_100654_1-300x225.jpg\" alt=\"\" width=\"300\" height=\"225\" srcset=\"https:\/\/www.levriers-du-sud.org\/site\/wp-content\/uploads\/2026\/03\/IMG_20250205_100654_1-300x225.jpg 300w, https:\/\/www.levriers-du-sud.org\/site\/wp-content\/uploads\/2026\/03\/IMG_20250205_100654_1-1024x768.jpg 1024w, https:\/\/www.levriers-du-sud.org\/site\/wp-content\/uploads\/2026\/03\/IMG_20250205_100654_1-768x576.jpg 768w, https:\/\/www.levriers-du-sud.org\/site\/wp-content\/uploads\/2026\/03\/IMG_20250205_100654_1-1536x1152.jpg 1536w, https:\/\/www.levriers-du-sud.org\/site\/wp-content\/uploads\/2026\/03\/IMG_20250205_100654_1-2048x1536.jpg 2048w\" sizes=\"auto, (max-width: 300px) 100vw, 300px\" \/><\/a><\/p>\n","protected":false},"excerpt":{"rendered":"<p>Type : Mastin Sexe : M\u00e2le Age : 5 ans Sant\u00e9\u00a0 : Castr\u00e9, vaccin\u00e9, identifi\u00e9 , et test\u00e9 au 3 MM Taille 66 cm Test chat \u00e0 pr\u00e9voir Situation en refuge Magina animal Commentaires : Dante, le grand oubli\u00e9\u2026 Depuis des ann\u00e9es, nous partageons l\u2019histoire de ce grand gaillard au c\u0153ur tendre. Et pourtant\u2026 Dante [&hellip;]<\/p>\n","protected":false},"author":2,"featured_media":0,"comment_status":"open","ping_status":"open","sticky":false,"template":"","format":"standard","meta":{"footnotes":""},"categories":[23,8,13,4],"tags":[],"class_list":["post-59227","post","type-post","status-publish","format-standard","hentry","category-3-maladies-mediterraneennes","category-coup-pouce","category-ok-chiens","category-urgences"],"aioseo_notices":[],"_links":{"self":[{"href":"https:\/\/www.levriers-du-sud.org\/site\/wp-json\/wp\/v2\/posts\/59227","targetHints":{"allow":["GET"]}}],"collection":[{"href":"https:\/\/www.levriers-du-sud.org\/site\/wp-json\/wp\/v2\/posts"}],"about":[{"href":"https:\/\/www.levriers-du-sud.org\/site\/wp-json\/wp\/v2\/types\/post"}],"author":[{"embeddable":true,"href":"https:\/\/www.levriers-du-sud.org\/site\/wp-json\/wp\/v2\/users\/2"}],"replies":[{"embeddable":true,"href":"https:\/\/www.levriers-du-sud.org\/site\/wp-json\/wp\/v2\/comments?post=59227"}],"version-history":[{"count":0,"href":"https:\/\/www.levriers-du-sud.org\/site\/wp-json\/wp\/v2\/posts\/59227\/revisions"}],"wp:attachment":[{"href":"https:\/\/www.levriers-du-sud.org\/site\/wp-json\/wp\/v2\/media?parent=59227"}],"wp:term":[{"taxonomy":"category","embeddable":true,"href":"https:\/\/www.levriers-du-sud.org\/site\/wp-json\/wp\/v2\/categories?post=59227"},{"taxonomy":"post_tag","embeddable":true,"href":"https:\/\/www.levriers-du-sud.org\/site\/wp-json\/wp\/v2\/tags?post=59227"}],"curies":[{"name":"wp","href":"https:\/\/api.w.org\/{rel}","templated":true}]}}