{"id":59240,"date":"2026-03-14T15:04:56","date_gmt":"2026-03-14T13:04:56","guid":{"rendered":"https:\/\/www.levriers-du-sud.org\/site\/?p=59240"},"modified":"2026-03-14T15:04:56","modified_gmt":"2026-03-14T13:04:56","slug":"liana-fundacion-benjamin-mehnert","status":"publish","type":"post","link":"https:\/\/www.levriers-du-sud.org\/site\/14\/03\/2026\/liana-fundacion-benjamin-mehnert\/","title":{"rendered":"Liana (Fundacion Benjamin Mehnert)"},"content":{"rendered":"<p><strong>Type :<\/strong> Galga<br \/>\n<strong>Sexe : Femelle<\/strong><br \/>\n<strong>Age :<\/strong> 10\/04\/2020 (6 ans)<br \/>\n<strong>Sant\u00e9\u00a0 : St\u00e9rilis\u00e9e, vaccin\u00e9e, identifi\u00e9e , et test\u00e9e au 3 MM<\/strong><\/p>\n<p>Situation en refuge FBM<\/p>\n<p>Test chat \u00e0 pr\u00e9voir<\/p>\n<p>Commentaires :<\/p>\n<div>Liana est une galga tr\u00e8s sociable, s\u00fbre d&rsquo;elle et \u00e9quilibr\u00e9e, une de ces chiennes qui d\u00e9gagent une bonne ambiance d\u00e8s le premier instant.<\/div>\n<div dir=\"auto\">Elle s&rsquo;entend tr\u00e8s bien avec les autres chiens et s&rsquo;adapte merveilleusement bien aux nouvelles situations et aux nouveaux environnements, ce qui t\u00e9moigne de son bon caract\u00e8re et de sa capacit\u00e9 \u00e0 g\u00e9rer les changements naturellement.<\/div>\n<div dir=\"auto\"><\/div>\n<div dir=\"auto\">C&rsquo;est une galga dot\u00e9e d&rsquo;une attitude ouverte et confiante, ce qui facilite grandement son int\u00e9gration dans une famille et une nouvelle routine.<\/div>\n<div dir=\"auto\"><\/div>\n<div dir=\"auto\">Elle n&rsquo;est pas compatible avec les chats, nous recherchons donc pour elle un foyer o\u00f9 elle pourra se sentir \u00e0 l&rsquo;aise et vivre en harmonie sans pr\u00e9sence f\u00e9line.<\/div>\n<div dir=\"auto\"><\/div>\n<div dir=\"auto\">Liana poss\u00e8de le profil id\u00e9al pour une famille en qu\u00eate d&rsquo;une compagne sociable, \u00e9quilibr\u00e9e et facile d&rsquo;adaptation. Elle est sans aucun doute pr\u00eate \u00e0 entamer un nouveau chapitre de sa vie et \u00e0 combler son futur foyer de compagnie et d&rsquo;affection.<\/div>\n<div dir=\"auto\"><\/div>\n<div dir=\"auto\"><a href=\"https:\/\/www.levriers-du-sud.org\/site\/wp-content\/uploads\/2026\/03\/Liana.jpg\"><img loading=\"lazy\" decoding=\"async\" class=\"alignnone size-medium wp-image-59244\" src=\"https:\/\/www.levriers-du-sud.org\/site\/wp-content\/uploads\/2026\/03\/Liana-300x200.jpg\" alt=\"\" width=\"300\" height=\"200\" srcset=\"https:\/\/www.levriers-du-sud.org\/site\/wp-content\/uploads\/2026\/03\/Liana-300x200.jpg 300w, https:\/\/www.levriers-du-sud.org\/site\/wp-content\/uploads\/2026\/03\/Liana-1024x682.jpg 1024w, https:\/\/www.levriers-du-sud.org\/site\/wp-content\/uploads\/2026\/03\/Liana-768x512.jpg 768w, https:\/\/www.levriers-du-sud.org\/site\/wp-content\/uploads\/2026\/03\/Liana-1536x1023.jpg 1536w, https:\/\/www.levriers-du-sud.org\/site\/wp-content\/uploads\/2026\/03\/Liana.jpg 1600w\" sizes=\"auto, (max-width: 300px) 100vw, 300px\" \/><\/a> <a href=\"https:\/\/www.levriers-du-sud.org\/site\/wp-content\/uploads\/2026\/03\/Liana2.jpg\"><img loading=\"lazy\" decoding=\"async\" class=\"alignnone size-medium wp-image-59245\" src=\"https:\/\/www.levriers-du-sud.org\/site\/wp-content\/uploads\/2026\/03\/Liana2-300x200.jpg\" alt=\"\" width=\"300\" height=\"200\" srcset=\"https:\/\/www.levriers-du-sud.org\/site\/wp-content\/uploads\/2026\/03\/Liana2-300x200.jpg 300w, https:\/\/www.levriers-du-sud.org\/site\/wp-content\/uploads\/2026\/03\/Liana2-1024x682.jpg 1024w, https:\/\/www.levriers-du-sud.org\/site\/wp-content\/uploads\/2026\/03\/Liana2-768x512.jpg 768w, https:\/\/www.levriers-du-sud.org\/site\/wp-content\/uploads\/2026\/03\/Liana2-1536x1023.jpg 1536w, https:\/\/www.levriers-du-sud.org\/site\/wp-content\/uploads\/2026\/03\/Liana2.jpg 1600w\" sizes=\"auto, (max-width: 300px) 100vw, 300px\" \/><\/a><a href=\"https:\/\/www.levriers-du-sud.org\/site\/wp-content\/uploads\/2026\/03\/IMG-20260309-WA0019-1.jpg\"><img loading=\"lazy\" decoding=\"async\" class=\"alignnone size-medium wp-image-59243\" src=\"https:\/\/www.levriers-du-sud.org\/site\/wp-content\/uploads\/2026\/03\/IMG-20260309-WA0019-1-300x200.jpg\" alt=\"\" width=\"300\" height=\"200\" srcset=\"https:\/\/www.levriers-du-sud.org\/site\/wp-content\/uploads\/2026\/03\/IMG-20260309-WA0019-1-300x200.jpg 300w, https:\/\/www.levriers-du-sud.org\/site\/wp-content\/uploads\/2026\/03\/IMG-20260309-WA0019-1-1024x682.jpg 1024w, https:\/\/www.levriers-du-sud.org\/site\/wp-content\/uploads\/2026\/03\/IMG-20260309-WA0019-1-768x512.jpg 768w, https:\/\/www.levriers-du-sud.org\/site\/wp-content\/uploads\/2026\/03\/IMG-20260309-WA0019-1-1536x1023.jpg 1536w, https:\/\/www.levriers-du-sud.org\/site\/wp-content\/uploads\/2026\/03\/IMG-20260309-WA0019-1.jpg 1600w\" sizes=\"auto, (max-width: 300px) 100vw, 300px\" \/><\/a><a href=\"https:\/\/www.levriers-du-sud.org\/site\/wp-content\/uploads\/2026\/03\/IMG-20260309-WA0018.jpg\"><img loading=\"lazy\" decoding=\"async\" class=\"alignnone size-medium wp-image-59241\" src=\"https:\/\/www.levriers-du-sud.org\/site\/wp-content\/uploads\/2026\/03\/IMG-20260309-WA0018-300x200.jpg\" alt=\"\" width=\"300\" height=\"200\" srcset=\"https:\/\/www.levriers-du-sud.org\/site\/wp-content\/uploads\/2026\/03\/IMG-20260309-WA0018-300x200.jpg 300w, https:\/\/www.levriers-du-sud.org\/site\/wp-content\/uploads\/2026\/03\/IMG-20260309-WA0018-1024x682.jpg 1024w, https:\/\/www.levriers-du-sud.org\/site\/wp-content\/uploads\/2026\/03\/IMG-20260309-WA0018-768x512.jpg 768w, https:\/\/www.levriers-du-sud.org\/site\/wp-content\/uploads\/2026\/03\/IMG-20260309-WA0018-1536x1023.jpg 1536w, https:\/\/www.levriers-du-sud.org\/site\/wp-content\/uploads\/2026\/03\/IMG-20260309-WA0018.jpg 1600w\" sizes=\"auto, (max-width: 300px) 100vw, 300px\" \/><\/a><\/div>\n<div dir=\"auto\"><\/div>\n","protected":false},"excerpt":{"rendered":"<p>Type : Galga Sexe : Femelle Age : 10\/04\/2020 (6 ans) Sant\u00e9\u00a0 : St\u00e9rilis\u00e9e, vaccin\u00e9e, identifi\u00e9e , et test\u00e9e au 3 MM Situation en refuge FBM Test chat \u00e0 pr\u00e9voir Commentaires : Liana est une galga tr\u00e8s sociable, s\u00fbre d&rsquo;elle et \u00e9quilibr\u00e9e, une de ces chiennes qui d\u00e9gagent une bonne ambiance d\u00e8s le premier instant. [&hellip;]<\/p>\n","protected":false},"author":2,"featured_media":0,"comment_status":"open","ping_status":"open","sticky":false,"template":"","format":"standard","meta":{"footnotes":""},"categories":[23,5,13,4],"tags":[],"class_list":["post-59240","post","type-post","status-publish","format-standard","hentry","category-3-maladies-mediterraneennes","category-galgos","category-ok-chiens","category-urgences"],"aioseo_notices":[],"_links":{"self":[{"href":"https:\/\/www.levriers-du-sud.org\/site\/wp-json\/wp\/v2\/posts\/59240","targetHints":{"allow":["GET"]}}],"collection":[{"href":"https:\/\/www.levriers-du-sud.org\/site\/wp-json\/wp\/v2\/posts"}],"about":[{"href":"https:\/\/www.levriers-du-sud.org\/site\/wp-json\/wp\/v2\/types\/post"}],"author":[{"embeddable":true,"href":"https:\/\/www.levriers-du-sud.org\/site\/wp-json\/wp\/v2\/users\/2"}],"replies":[{"embeddable":true,"href":"https:\/\/www.levriers-du-sud.org\/site\/wp-json\/wp\/v2\/comments?post=59240"}],"version-history":[{"count":0,"href":"https:\/\/www.levriers-du-sud.org\/site\/wp-json\/wp\/v2\/posts\/59240\/revisions"}],"wp:attachment":[{"href":"https:\/\/www.levriers-du-sud.org\/site\/wp-json\/wp\/v2\/media?parent=59240"}],"wp:term":[{"taxonomy":"category","embeddable":true,"href":"https:\/\/www.levriers-du-sud.org\/site\/wp-json\/wp\/v2\/categories?post=59240"},{"taxonomy":"post_tag","embeddable":true,"href":"https:\/\/www.levriers-du-sud.org\/site\/wp-json\/wp\/v2\/tags?post=59240"}],"curies":[{"name":"wp","href":"https:\/\/api.w.org\/{rel}","templated":true}]}}