{"id":59268,"date":"2026-03-15T14:57:49","date_gmt":"2026-03-15T12:57:49","guid":{"rendered":"https:\/\/www.levriers-du-sud.org\/site\/?p=59268"},"modified":"2026-03-15T14:57:49","modified_gmt":"2026-03-15T12:57:49","slug":"luis-fundacion-benjamin-mehnert","status":"publish","type":"post","link":"https:\/\/www.levriers-du-sud.org\/site\/15\/03\/2026\/luis-fundacion-benjamin-mehnert\/","title":{"rendered":"Luis Fundacion Benjamin Mehnert"},"content":{"rendered":"<p><strong>Type :<\/strong> galgo<br \/>\n<strong>Sexe : M\u00e2le<\/strong><br \/>\n<strong>Age :<\/strong> 4 ans et demi<br \/>\n<strong>Sant\u00e9\u00a0 : Castr\u00e9, vaccin\u00e9, identifi\u00e9 , et test\u00e9 aux 3 MM<\/strong><\/p>\n<p>Situation en refuge FBM<\/p>\n<p>Test chat \u00e0 pr\u00e9voir<\/p>\n<p>Commentaires :<\/p>\n<div class=\"x14z9mp xat24cr x1lziwak x1vvkbs xtlvy1s x126k92a\">\n<div dir=\"auto\">LUIS est un galgo n\u00e9 le 10\/10\/21. Il mesure 65 cm au garrot, pour environ 28 kg.<\/div>\n<\/div>\n<div class=\"x14z9mp xat24cr x1lziwak x1vvkbs xtlvy1s x126k92a\">\n<div dir=\"auto\">HISTOIRE : nous ne connaissons pas son pass\u00e9.<\/div>\n<\/div>\n<div class=\"x14z9mp xat24cr x1lziwak x1vvkbs xtlvy1s x126k92a\">\n<div dir=\"auto\">CARACT\u00c8RE : LUIS est un chien sociable et affectueux, dot\u00e9 d&rsquo;un niveau d&rsquo;\u00e9nergie mod\u00e9r\u00e9, ce qui fait de lui un compagnon \u00e9quilibr\u00e9 et tr\u00e8s agr\u00e9able. Il s&rsquo;entend tr\u00e8s bien avec les autres chiens et est connu pour son attitude positive envers les nouveaux venus, m\u00eame s&rsquo;il peut se montrer un peu intense au premier abord en raison de son enthousiasme.<\/div>\n<\/div>\n<div class=\"x14z9mp xat24cr x1lziwak x1vvkbs xtlvy1s x126k92a\">\n<div dir=\"auto\">De plus, LUIS poss\u00e8de une grande capacit\u00e9 d&rsquo;adaptation, une qualit\u00e9 pr\u00e9cieuse pour un chien pr\u00eat \u00e0 commencer une nouvelle vie. Avec un peu d&rsquo;encadrement, une routine et beaucoup d&rsquo;affection, il s&rsquo;int\u00e9grera parfaitement \u00e0 sa future famille et y offrira tout son amour<\/div>\n<div dir=\"auto\"><\/div>\n<div dir=\"auto\"><a href=\"https:\/\/www.levriers-du-sud.org\/site\/wp-content\/uploads\/2026\/03\/Luis.jpg\"><img loading=\"lazy\" decoding=\"async\" class=\"alignnone size-medium wp-image-59269\" src=\"https:\/\/www.levriers-du-sud.org\/site\/wp-content\/uploads\/2026\/03\/Luis-300x200.jpg\" alt=\"\" width=\"300\" height=\"200\" srcset=\"https:\/\/www.levriers-du-sud.org\/site\/wp-content\/uploads\/2026\/03\/Luis-300x200.jpg 300w, https:\/\/www.levriers-du-sud.org\/site\/wp-content\/uploads\/2026\/03\/Luis-1024x682.jpg 1024w, https:\/\/www.levriers-du-sud.org\/site\/wp-content\/uploads\/2026\/03\/Luis-768x512.jpg 768w, https:\/\/www.levriers-du-sud.org\/site\/wp-content\/uploads\/2026\/03\/Luis-1536x1023.jpg 1536w, https:\/\/www.levriers-du-sud.org\/site\/wp-content\/uploads\/2026\/03\/Luis.jpg 1600w\" sizes=\"auto, (max-width: 300px) 100vw, 300px\" \/><\/a> <a href=\"https:\/\/www.levriers-du-sud.org\/site\/wp-content\/uploads\/2026\/03\/Luis1.jpg\"><img loading=\"lazy\" decoding=\"async\" class=\"alignnone size-medium wp-image-59270\" src=\"https:\/\/www.levriers-du-sud.org\/site\/wp-content\/uploads\/2026\/03\/Luis1-300x200.jpg\" alt=\"\" width=\"300\" height=\"200\" srcset=\"https:\/\/www.levriers-du-sud.org\/site\/wp-content\/uploads\/2026\/03\/Luis1-300x200.jpg 300w, https:\/\/www.levriers-du-sud.org\/site\/wp-content\/uploads\/2026\/03\/Luis1-1024x682.jpg 1024w, https:\/\/www.levriers-du-sud.org\/site\/wp-content\/uploads\/2026\/03\/Luis1-768x512.jpg 768w, https:\/\/www.levriers-du-sud.org\/site\/wp-content\/uploads\/2026\/03\/Luis1-1536x1023.jpg 1536w, https:\/\/www.levriers-du-sud.org\/site\/wp-content\/uploads\/2026\/03\/Luis1.jpg 1600w\" sizes=\"auto, (max-width: 300px) 100vw, 300px\" \/><\/a> <a href=\"https:\/\/www.levriers-du-sud.org\/site\/wp-content\/uploads\/2026\/03\/Luis2.jpg\"><img loading=\"lazy\" decoding=\"async\" class=\"alignnone size-medium wp-image-59271\" src=\"https:\/\/www.levriers-du-sud.org\/site\/wp-content\/uploads\/2026\/03\/Luis2-300x200.jpg\" alt=\"\" width=\"300\" height=\"200\" srcset=\"https:\/\/www.levriers-du-sud.org\/site\/wp-content\/uploads\/2026\/03\/Luis2-300x200.jpg 300w, https:\/\/www.levriers-du-sud.org\/site\/wp-content\/uploads\/2026\/03\/Luis2-1024x682.jpg 1024w, https:\/\/www.levriers-du-sud.org\/site\/wp-content\/uploads\/2026\/03\/Luis2-768x512.jpg 768w, https:\/\/www.levriers-du-sud.org\/site\/wp-content\/uploads\/2026\/03\/Luis2-1536x1023.jpg 1536w, https:\/\/www.levriers-du-sud.org\/site\/wp-content\/uploads\/2026\/03\/Luis2.jpg 1600w\" sizes=\"auto, (max-width: 300px) 100vw, 300px\" \/><\/a> <a href=\"https:\/\/www.levriers-du-sud.org\/site\/wp-content\/uploads\/2026\/03\/Luis3.jpg\"><img loading=\"lazy\" decoding=\"async\" class=\"alignnone size-medium wp-image-59272\" src=\"https:\/\/www.levriers-du-sud.org\/site\/wp-content\/uploads\/2026\/03\/Luis3-300x200.jpg\" alt=\"\" width=\"300\" height=\"200\" srcset=\"https:\/\/www.levriers-du-sud.org\/site\/wp-content\/uploads\/2026\/03\/Luis3-300x200.jpg 300w, https:\/\/www.levriers-du-sud.org\/site\/wp-content\/uploads\/2026\/03\/Luis3-1024x682.jpg 1024w, https:\/\/www.levriers-du-sud.org\/site\/wp-content\/uploads\/2026\/03\/Luis3-768x512.jpg 768w, https:\/\/www.levriers-du-sud.org\/site\/wp-content\/uploads\/2026\/03\/Luis3-1536x1023.jpg 1536w, https:\/\/www.levriers-du-sud.org\/site\/wp-content\/uploads\/2026\/03\/Luis3.jpg 1600w\" sizes=\"auto, (max-width: 300px) 100vw, 300px\" \/><\/a> <a href=\"https:\/\/www.levriers-du-sud.org\/site\/wp-content\/uploads\/2026\/03\/Luis4.jpg\"><img loading=\"lazy\" decoding=\"async\" class=\"alignnone size-medium wp-image-59273\" src=\"https:\/\/www.levriers-du-sud.org\/site\/wp-content\/uploads\/2026\/03\/Luis4-300x200.jpg\" alt=\"\" width=\"300\" height=\"200\" srcset=\"https:\/\/www.levriers-du-sud.org\/site\/wp-content\/uploads\/2026\/03\/Luis4-300x200.jpg 300w, https:\/\/www.levriers-du-sud.org\/site\/wp-content\/uploads\/2026\/03\/Luis4-1024x682.jpg 1024w, https:\/\/www.levriers-du-sud.org\/site\/wp-content\/uploads\/2026\/03\/Luis4-768x512.jpg 768w, https:\/\/www.levriers-du-sud.org\/site\/wp-content\/uploads\/2026\/03\/Luis4-1536x1023.jpg 1536w, https:\/\/www.levriers-du-sud.org\/site\/wp-content\/uploads\/2026\/03\/Luis4.jpg 1600w\" sizes=\"auto, (max-width: 300px) 100vw, 300px\" \/><\/a><\/div>\n<\/div>\n","protected":false},"excerpt":{"rendered":"<p>Type : galgo Sexe : M\u00e2le Age : 4 ans et demi Sant\u00e9\u00a0 : Castr\u00e9, vaccin\u00e9, identifi\u00e9 , et test\u00e9 aux 3 MM Situation en refuge FBM Test chat \u00e0 pr\u00e9voir Commentaires : LUIS est un galgo n\u00e9 le 10\/10\/21. Il mesure 65 cm au garrot, pour environ 28 kg. HISTOIRE : nous ne connaissons [&hellip;]<\/p>\n","protected":false},"author":2,"featured_media":0,"comment_status":"open","ping_status":"open","sticky":false,"template":"","format":"standard","meta":{"footnotes":""},"categories":[23,5,13,4],"tags":[],"class_list":["post-59268","post","type-post","status-publish","format-standard","hentry","category-3-maladies-mediterraneennes","category-galgos","category-ok-chiens","category-urgences"],"aioseo_notices":[],"_links":{"self":[{"href":"https:\/\/www.levriers-du-sud.org\/site\/wp-json\/wp\/v2\/posts\/59268","targetHints":{"allow":["GET"]}}],"collection":[{"href":"https:\/\/www.levriers-du-sud.org\/site\/wp-json\/wp\/v2\/posts"}],"about":[{"href":"https:\/\/www.levriers-du-sud.org\/site\/wp-json\/wp\/v2\/types\/post"}],"author":[{"embeddable":true,"href":"https:\/\/www.levriers-du-sud.org\/site\/wp-json\/wp\/v2\/users\/2"}],"replies":[{"embeddable":true,"href":"https:\/\/www.levriers-du-sud.org\/site\/wp-json\/wp\/v2\/comments?post=59268"}],"version-history":[{"count":0,"href":"https:\/\/www.levriers-du-sud.org\/site\/wp-json\/wp\/v2\/posts\/59268\/revisions"}],"wp:attachment":[{"href":"https:\/\/www.levriers-du-sud.org\/site\/wp-json\/wp\/v2\/media?parent=59268"}],"wp:term":[{"taxonomy":"category","embeddable":true,"href":"https:\/\/www.levriers-du-sud.org\/site\/wp-json\/wp\/v2\/categories?post=59268"},{"taxonomy":"post_tag","embeddable":true,"href":"https:\/\/www.levriers-du-sud.org\/site\/wp-json\/wp\/v2\/tags?post=59268"}],"curies":[{"name":"wp","href":"https:\/\/api.w.org\/{rel}","templated":true}]}}