{"id":6291,"date":"2011-03-20T14:41:11","date_gmt":"2011-03-20T13:41:11","guid":{"rendered":"http:\/\/www.levriers-du-sud.org\/site\/?p=6291"},"modified":"2011-03-20T14:41:11","modified_gmt":"2011-03-20T13:41:11","slug":"pepi-est-dans-sa-famille","status":"publish","type":"post","link":"https:\/\/www.levriers-du-sud.org\/site\/20\/03\/2011\/pepi-est-dans-sa-famille\/","title":{"rendered":"Pepi est dans sa famille !"},"content":{"rendered":"<p>Et voil\u00e0 ! Hier, Fran\u00e7oise et Marie ont accompagn\u00e9 PEPI dans sa nouvelle maison. Elle a vite pris ses rep\u00e8res, jou\u00e9 \u00e0 la balle, fait des c\u00e2lins \u00e0 sa ma\u00eetresse, et grogn\u00e9 un peu sa nouvelle copine. Juste pour se faire une place au soleil !! Alors bonne route jolie PEPI !!<\/p>\n<p><img loading=\"lazy\" decoding=\"async\" class=\"alignnone size-medium wp-image-6292\" title=\"pepi arr\" src=\"http:\/\/www.levriers-du-sud.org\/site\/wp-content\/uploads\/2011\/03\/pepi-arr-225x300.jpg\" alt=\"\" width=\"279\" height=\"372\" srcset=\"https:\/\/www.levriers-du-sud.org\/site\/wp-content\/uploads\/2011\/03\/pepi-arr-225x300.jpg 225w, https:\/\/www.levriers-du-sud.org\/site\/wp-content\/uploads\/2011\/03\/pepi-arr.jpg 280w\" sizes=\"auto, (max-width: 279px) 100vw, 279px\" \/> <img loading=\"lazy\" decoding=\"async\" class=\"alignnone size-full wp-image-6293\" title=\"pepi arr1\" src=\"http:\/\/www.levriers-du-sud.org\/site\/wp-content\/uploads\/2011\/03\/pepi-arr1.jpg\" alt=\"\" width=\"280\" height=\"373\" srcset=\"https:\/\/www.levriers-du-sud.org\/site\/wp-content\/uploads\/2011\/03\/pepi-arr1.jpg 280w, https:\/\/www.levriers-du-sud.org\/site\/wp-content\/uploads\/2011\/03\/pepi-arr1-225x300.jpg 225w\" sizes=\"auto, (max-width: 280px) 100vw, 280px\" \/><!--more--><\/p>\n<p><img loading=\"lazy\" decoding=\"async\" class=\"alignnone size-full wp-image-6294\" title=\"pepi maison1\" src=\"http:\/\/www.levriers-du-sud.org\/site\/wp-content\/uploads\/2011\/03\/pepi-maison1.jpg\" alt=\"\" width=\"280\" height=\"210\" \/> <img loading=\"lazy\" decoding=\"async\" class=\"alignnone size-full wp-image-6295\" title=\"pepi arr4\" src=\"http:\/\/www.levriers-du-sud.org\/site\/wp-content\/uploads\/2011\/03\/pepi-arr4.jpg\" alt=\"\" width=\"280\" height=\"210\" \/><\/p>\n","protected":false},"excerpt":{"rendered":"<p>Et voil\u00e0 ! Hier, Fran\u00e7oise et Marie ont accompagn\u00e9 PEPI dans sa nouvelle maison. Elle a vite pris ses rep\u00e8res, jou\u00e9 \u00e0 la balle, fait des c\u00e2lins \u00e0 sa ma\u00eetresse, et grogn\u00e9 un peu sa nouvelle copine. Juste pour se faire une place au soleil !! Alors bonne route jolie PEPI !!<\/p>\n","protected":false},"author":1,"featured_media":0,"comment_status":"open","ping_status":"open","sticky":false,"template":"","format":"standard","meta":{"footnotes":""},"categories":[9],"tags":[],"class_list":["post-6291","post","type-post","status-publish","format-standard","hentry","category-album"],"aioseo_notices":[],"_links":{"self":[{"href":"https:\/\/www.levriers-du-sud.org\/site\/wp-json\/wp\/v2\/posts\/6291","targetHints":{"allow":["GET"]}}],"collection":[{"href":"https:\/\/www.levriers-du-sud.org\/site\/wp-json\/wp\/v2\/posts"}],"about":[{"href":"https:\/\/www.levriers-du-sud.org\/site\/wp-json\/wp\/v2\/types\/post"}],"author":[{"embeddable":true,"href":"https:\/\/www.levriers-du-sud.org\/site\/wp-json\/wp\/v2\/users\/1"}],"replies":[{"embeddable":true,"href":"https:\/\/www.levriers-du-sud.org\/site\/wp-json\/wp\/v2\/comments?post=6291"}],"version-history":[{"count":0,"href":"https:\/\/www.levriers-du-sud.org\/site\/wp-json\/wp\/v2\/posts\/6291\/revisions"}],"wp:attachment":[{"href":"https:\/\/www.levriers-du-sud.org\/site\/wp-json\/wp\/v2\/media?parent=6291"}],"wp:term":[{"taxonomy":"category","embeddable":true,"href":"https:\/\/www.levriers-du-sud.org\/site\/wp-json\/wp\/v2\/categories?post=6291"},{"taxonomy":"post_tag","embeddable":true,"href":"https:\/\/www.levriers-du-sud.org\/site\/wp-json\/wp\/v2\/tags?post=6291"}],"curies":[{"name":"wp","href":"https:\/\/api.w.org\/{rel}","templated":true}]}}