{"id":6326,"date":"2022-01-26T18:01:29","date_gmt":"2022-01-26T17:01:29","guid":{"rendered":"http:\/\/www.levriers-du-sud.org\/site\/?p=6326"},"modified":"2022-01-26T18:04:35","modified_gmt":"2022-01-26T17:04:35","slug":"moka","status":"publish","type":"post","link":"https:\/\/www.levriers-du-sud.org\/site\/26\/01\/2022\/moka\/","title":{"rendered":"Moka&#8230; (caline) s&rsquo;en est all\u00e9e"},"content":{"rendered":"<p>Encore un d\u00e9part&#8230; Caline (ex moka) avait \u00e9t\u00e9 adopt\u00e9e en 2011 et elle a eu la chance d&rsquo;avoir une belle vie toutes ces ann\u00e9es avec France.<\/p>\n<p>\u00ab\u00a0Caline est partie rejoindre Titou, Marbello, Noa, Neky, Margot, Sweety et Sacha, elle s&rsquo;est endormie dans mes bras et dans son lit. Elle \u00e9tait ma premi\u00e8re adoption chez LDS. Une galga unique, tant par son attachement \u00e0 moi, \u00e0 sa fid\u00e9lit\u00e9 et sa douceur. Arriv\u00e9e pas ok chat, et pourtant ils dormaient contre elle.. Elle laisse un grand vide.\u00a0\u00bb<\/p>\n<p>Vole bel ange et va retrouver tous les copains&#8230;<\/p>\n<p><img loading=\"lazy\" decoding=\"async\" class=\"alignnone  wp-image-51278\" src=\"https:\/\/www.levriers-du-sud.org\/site\/wp-content\/uploads\/2011\/03\/271854916_1034635500598856_5237594995900759868_n-276x300.jpg\" alt=\"\" width=\"268\" height=\"291\" srcset=\"https:\/\/www.levriers-du-sud.org\/site\/wp-content\/uploads\/2011\/03\/271854916_1034635500598856_5237594995900759868_n-276x300.jpg 276w, https:\/\/www.levriers-du-sud.org\/site\/wp-content\/uploads\/2011\/03\/271854916_1034635500598856_5237594995900759868_n.jpg 365w\" sizes=\"auto, (max-width: 268px) 100vw, 268px\" \/> <img loading=\"lazy\" decoding=\"async\" class=\"alignnone  wp-image-51279\" src=\"https:\/\/www.levriers-du-sud.org\/site\/wp-content\/uploads\/2011\/03\/272248790_625050535230245_2416773658381487481_n-288x300.jpg\" alt=\"\" width=\"276\" height=\"288\" srcset=\"https:\/\/www.levriers-du-sud.org\/site\/wp-content\/uploads\/2011\/03\/272248790_625050535230245_2416773658381487481_n-288x300.jpg 288w, https:\/\/www.levriers-du-sud.org\/site\/wp-content\/uploads\/2011\/03\/272248790_625050535230245_2416773658381487481_n.jpg 316w\" sizes=\"auto, (max-width: 276px) 100vw, 276px\" \/><!--more--><\/p>\n<p><strong>type :<\/strong> galgo<br \/>\n<strong>Sexe :<\/strong>femelle<br \/>\n<strong>Age :<\/strong> 11\/2007<br \/>\n<strong>Sant\u00e9 : <\/strong>n\u00e9gative aux 3MM, st\u00e9rilis\u00e9e, taille 61 cms<\/p>\n<p><strong>Commentaire :<br \/>\n<\/strong>Cette jolie galga \u00e0 la robe chocolat est arriv\u00e9e au refuge. Elle est tranquille et douce. Elle s&rsquo;entend bien avec tous les chiens et aussi avec les chats.<\/p>\n<p><strong><img loading=\"lazy\" decoding=\"async\" class=\"size-full wp-image-6504 alignnone\" title=\"moka1\" src=\"http:\/\/www.levriers-du-sud.org\/site\/wp-content\/uploads\/2011\/03\/moka1.jpg\" alt=\"\" width=\"270\" height=\"253\" \/><img loading=\"lazy\" decoding=\"async\" class=\"size-full wp-image-6506 alignleft\" title=\"moka4\" src=\"http:\/\/www.levriers-du-sud.org\/site\/wp-content\/uploads\/2011\/03\/moka4.jpg\" alt=\"\" width=\"287\" height=\"252\" \/><br \/>\n<\/strong><\/p>\n<p>&nbsp;<\/p>\n","protected":false},"excerpt":{"rendered":"<p>Encore un d\u00e9part&#8230; Caline (ex moka) avait \u00e9t\u00e9 adopt\u00e9e en 2011 et elle a eu la chance d&rsquo;avoir une belle vie toutes ces ann\u00e9es avec France. \u00ab\u00a0Caline est partie rejoindre Titou, Marbello, Noa, Neky, Margot, Sweety et Sacha, elle s&rsquo;est endormie dans mes bras et dans son lit. Elle \u00e9tait ma premi\u00e8re adoption chez LDS. [&hellip;]<\/p>\n","protected":false},"author":1,"featured_media":0,"comment_status":"open","ping_status":"open","sticky":false,"template":"","format":"standard","meta":{"footnotes":""},"categories":[19,3,14,13],"tags":[],"class_list":["post-6326","post","type-post","status-publish","format-standard","hentry","category-galgos-adoptes","category-infos-du-jour","category-ok-chats","category-ok-chiens"],"aioseo_notices":[],"_links":{"self":[{"href":"https:\/\/www.levriers-du-sud.org\/site\/wp-json\/wp\/v2\/posts\/6326","targetHints":{"allow":["GET"]}}],"collection":[{"href":"https:\/\/www.levriers-du-sud.org\/site\/wp-json\/wp\/v2\/posts"}],"about":[{"href":"https:\/\/www.levriers-du-sud.org\/site\/wp-json\/wp\/v2\/types\/post"}],"author":[{"embeddable":true,"href":"https:\/\/www.levriers-du-sud.org\/site\/wp-json\/wp\/v2\/users\/1"}],"replies":[{"embeddable":true,"href":"https:\/\/www.levriers-du-sud.org\/site\/wp-json\/wp\/v2\/comments?post=6326"}],"version-history":[{"count":2,"href":"https:\/\/www.levriers-du-sud.org\/site\/wp-json\/wp\/v2\/posts\/6326\/revisions"}],"predecessor-version":[{"id":51280,"href":"https:\/\/www.levriers-du-sud.org\/site\/wp-json\/wp\/v2\/posts\/6326\/revisions\/51280"}],"wp:attachment":[{"href":"https:\/\/www.levriers-du-sud.org\/site\/wp-json\/wp\/v2\/media?parent=6326"}],"wp:term":[{"taxonomy":"category","embeddable":true,"href":"https:\/\/www.levriers-du-sud.org\/site\/wp-json\/wp\/v2\/categories?post=6326"},{"taxonomy":"post_tag","embeddable":true,"href":"https:\/\/www.levriers-du-sud.org\/site\/wp-json\/wp\/v2\/tags?post=6326"}],"curies":[{"name":"wp","href":"https:\/\/api.w.org\/{rel}","templated":true}]}}