{"id":6633,"date":"2011-05-19T14:32:02","date_gmt":"2011-05-19T12:32:02","guid":{"rendered":"http:\/\/www.levriers-du-sud.org\/site\/?p=6633"},"modified":"2011-05-19T14:17:19","modified_gmt":"2011-05-19T12:17:19","slug":"garfio-operation-actuanimaux","status":"publish","type":"post","link":"https:\/\/www.levriers-du-sud.org\/site\/19\/05\/2011\/garfio-operation-actuanimaux\/","title":{"rendered":"Garfio &#8211; Op\u00e9ration ACTUANIMAUX report partiel sur SAMI"},"content":{"rendered":"<p><strong>Nouvelles du 18\/05\/2011 <\/strong>: Voil\u00e0, nous avons ramen\u00e9 GARFIO chez le sp\u00e9cialiste. Depuis la premi\u00e8re visite, Garfio a grandi et sa patte s&rsquo;est un peu consolid\u00e9e. En effet, d&rsquo;apr\u00e8s lui, une op\u00e9ration pourrait \u00eatre plus d\u00e9sastreuse que la situation actuelle. Une op\u00e9ration am\u00e9liorerait un peu l&rsquo;articulation mais risquerait de d\u00e9grader autre chose. De plus, de nouvelles radios ont \u00e9t\u00e9 faites et prouvent que l&rsquo;os qui paraissait pr\u00eat \u00e0 se casser, aurait finalement calcifi\u00e9 suffisamment pour lui permettre de rester en place. Au vu de ces nouveaux \u00e9l\u00e9ments, nous avons donc d\u00e9cid\u00e9 de le pas le faire op\u00e9rer afin de ne pas d\u00e9grader son \u00e9tat actuel. Garfio s&rsquo;est bien adapt\u00e9 \u00e0 son handicap, il n&rsquo;en souffre pas, et peut courir et jouer comme les autres. Bien s\u00fbr, il restera toujours un peu handicap\u00e9 et devra \u00eatre surveill\u00e9.Par ailleurs, ses testicules ne sont pas descendues et nous allons donc devoir le faire st\u00e9riliser rapidement. Les fonds collect\u00e9s prendront en charge cette op\u00e9ration.<\/p>\n<p>De plus nous allons reporter une partie de\u00a0 la donation de Actuanimaux (quand elle nous sera revers\u00e9e) sur <strong>SAMI. <\/strong><br \/>\nSami est remont\u00e9 en Avril. Il avait eu une op\u00e9ration au refuge pour essayer de sauver ses doigts car Il avait \u00e9t\u00e9 trouv\u00e9 avec une patte \u00e9cras\u00e9e. Il lui avait \u00e9t\u00e9 pos\u00e9e une vis pour maintenir un doigt cass\u00e9. Le probl\u00e8me c&rsquo;est qu&rsquo;il a mal r\u00e9agi au corps \u00e9tranger et a d\u00e9velopp\u00e9 une infection qui s&rsquo;est propag\u00e9e. Son adoptante a donc du le ramener chez le v\u00e9t\u00e9rinaire, qui a \u00e9t\u00e9 dans l&rsquo;obligation de l&rsquo;amputer de deux doigts en retirant la vis. Pour le moment, il peut enfin poser sa patte, la cicatrisation ne se fait pas tr\u00e8s bien et il a du mal \u00e0 supporter les pansements et la collerette. Mais Julie, son adoptante garde le moral et continue \u00e0 le soigner ! Bien \u00e9videmment nous ne pouvions pas lui laisser supporter tous les frais v\u00e9t\u00e9rinaires qui en d\u00e9coulent et nous allons assumer en partie les frais de son traitement.<\/p>\n<p><img loading=\"lazy\" decoding=\"async\" class=\"alignnone size-medium wp-image-7497\" title=\"sami\" src=\"http:\/\/www.levriers-du-sud.org\/site\/wp-content\/uploads\/2011\/04\/sami-300x199.jpg\" alt=\"\" width=\"281\" height=\"186\" srcset=\"https:\/\/www.levriers-du-sud.org\/site\/wp-content\/uploads\/2011\/04\/sami-300x199.jpg 300w, https:\/\/www.levriers-du-sud.org\/site\/wp-content\/uploads\/2011\/04\/sami.jpg 720w\" sizes=\"auto, (max-width: 281px) 100vw, 281px\" \/> <img loading=\"lazy\" decoding=\"async\" class=\"alignnone size-medium wp-image-7498\" title=\"OLYMPUS DIGITAL CAMERA\" src=\"http:\/\/www.levriers-du-sud.org\/site\/wp-content\/uploads\/2011\/04\/pata-sami-001-300x225.jpg\" alt=\"\" width=\"250\" height=\"187\" srcset=\"https:\/\/www.levriers-du-sud.org\/site\/wp-content\/uploads\/2011\/04\/pata-sami-001-300x225.jpg 300w, https:\/\/www.levriers-du-sud.org\/site\/wp-content\/uploads\/2011\/04\/pata-sami-001.jpg 640w\" sizes=\"auto, (max-width: 250px) 100vw, 250px\" \/><\/p>\n<p>Photo prise au refuge, on voit bien qu&rsquo;il ne pose pas sa patte, et sa patte apr\u00e8s l&rsquo;op\u00e9ration en Espagne. H\u00e9las, il a \u00e9t\u00e9 amput\u00e9 de deux doigts, mais il pourra d\u00e9sormais poser sa patte sans souffrir.<\/p>\n<p>Cette action est bient\u00f4t finie gr\u00e2ce \u00e0 votre mobilisation !! Merci pour cette aide pr\u00e9cieuse.<\/p>\n<p>Une autre visite chez un v\u00e9t\u00e9rinaire sp\u00e9cialis\u00e9e est pr\u00e9vue prochainement afin de finaliser son op\u00e9ration.<\/p>\n<p><strong><br \/>\n<\/strong><\/p>\n<p>Nous avons demand\u00e9 l&rsquo;aide du site <strong>ACTUANIMAUX <\/strong>afin de financer l&rsquo;op\u00e9ration de la hanche pour <strong>GARFIO<\/strong> qui est en accueil (33) depuis le 5 Mars. Nous avons fait \u00e9tablir un devis par une clinique v\u00e9t\u00e9rinaire de Bordeaux et le co\u00fbt de son op\u00e9ration s&rsquo;\u00e9l\u00e8ve \u00e0\u00a0<strong> 770 e<\/strong>uros.<\/p>\n<p>Il a \u00e9t\u00e9 examin\u00e9 par un sp\u00e9cialiste et par un ost\u00e9opathe qui ont diagnostiqu\u00e9 une n\u00e9crose osseuse, maladie de croissance.<br \/>\nL\u2019origine de cette maladie qui affecte les jeunes chiens peut avoir plusieurs origines dont une mauvaise alimentation\u2026<\/p>\n<p>Il est op\u00e9rable tant qu\u2019il ne prend pas trop de poids, il faut donc  aller vite et surtout intervenir avant que le col du f\u00e9mur se casse et  que l\u2019on soit oblig\u00e9 d\u2019intervenir en urgence.<br \/>\nSi l\u2019op\u00e9ration est effectu\u00e9e rapidement, s\u2019il n\u2019y a pas de cancer ou une  bact\u00e9rie, le petit Garfio a toutes les chances de vivre ensuite  normalement.<\/p>\n<p>Nous vous demandons donc de vous connecter sur <a href=\"http:\/\/www.actuanimaux.com\/garfio\">http:\/\/www.actuanimaux.com\/garfio<\/a> et de cliquer, d&rsquo;envoyer des SMS ou visionner des vid\u00e9os afin de pouvoir r\u00e9unir la somme n\u00e9cessaire \u00e0 son op\u00e9ration. C&rsquo;est simple, il suffit d&rsquo;y revenir tous les jours et de nous aider \u00e0 collecter les fonds.<\/p>\n<p>Merci pour votre aide ! Merci pour lui !<\/p>\n<p><img loading=\"lazy\" decoding=\"async\" class=\"alignnone size-full wp-image-4867\" title=\"GARFIO2\" src=\"http:\/\/www.levriers-du-sud.org\/site\/wp-content\/uploads\/2011\/01\/GARFIO2.jpg\" alt=\"\" width=\"208\" height=\"201\" \/> <img loading=\"lazy\" decoding=\"async\" class=\"alignnone size-full wp-image-6028\" title=\"garfio fa5\" src=\"http:\/\/www.levriers-du-sud.org\/site\/wp-content\/uploads\/2011\/01\/198859_1929685002230_1245370805_2396766_5793238_n2.jpg\" alt=\"\" width=\"271\" height=\"202\" srcset=\"https:\/\/www.levriers-du-sud.org\/site\/wp-content\/uploads\/2011\/01\/198859_1929685002230_1245370805_2396766_5793238_n2.jpg 615w, https:\/\/www.levriers-du-sud.org\/site\/wp-content\/uploads\/2011\/01\/198859_1929685002230_1245370805_2396766_5793238_n2-300x224.jpg 300w\" sizes=\"auto, (max-width: 271px) 100vw, 271px\" \/><\/p>\n<p>Garfio au refuge\u00a0\u00a0\u00a0\u00a0\u00a0\u00a0\u00a0\u00a0\u00a0\u00a0\u00a0\u00a0\u00a0\u00a0\u00a0\u00a0\u00a0\u00a0\u00a0\u00a0\u00a0\u00a0 et\u00a0\u00a0\u00a0\u00a0\u00a0\u00a0\u00a0 maintenant dans sa famille d&rsquo;accueil<\/p>\n","protected":false},"excerpt":{"rendered":"<p>Nouvelles du 18\/05\/2011 : Voil\u00e0, nous avons ramen\u00e9 GARFIO chez le sp\u00e9cialiste. Depuis la premi\u00e8re visite, Garfio a grandi et sa patte s&rsquo;est un peu consolid\u00e9e. En effet, d&rsquo;apr\u00e8s lui, une op\u00e9ration pourrait \u00eatre plus d\u00e9sastreuse que la situation actuelle. Une op\u00e9ration am\u00e9liorerait un peu l&rsquo;articulation mais risquerait de d\u00e9grader autre chose. De plus, de [&hellip;]<\/p>\n","protected":false},"author":1,"featured_media":0,"comment_status":"open","ping_status":"open","sticky":false,"template":"","format":"standard","meta":{"footnotes":""},"categories":[3,24],"tags":[],"class_list":["post-6633","post","type-post","status-publish","format-standard","hentry","category-infos-du-jour","category-parrainages"],"aioseo_notices":[],"_links":{"self":[{"href":"https:\/\/www.levriers-du-sud.org\/site\/wp-json\/wp\/v2\/posts\/6633","targetHints":{"allow":["GET"]}}],"collection":[{"href":"https:\/\/www.levriers-du-sud.org\/site\/wp-json\/wp\/v2\/posts"}],"about":[{"href":"https:\/\/www.levriers-du-sud.org\/site\/wp-json\/wp\/v2\/types\/post"}],"author":[{"embeddable":true,"href":"https:\/\/www.levriers-du-sud.org\/site\/wp-json\/wp\/v2\/users\/1"}],"replies":[{"embeddable":true,"href":"https:\/\/www.levriers-du-sud.org\/site\/wp-json\/wp\/v2\/comments?post=6633"}],"version-history":[{"count":0,"href":"https:\/\/www.levriers-du-sud.org\/site\/wp-json\/wp\/v2\/posts\/6633\/revisions"}],"wp:attachment":[{"href":"https:\/\/www.levriers-du-sud.org\/site\/wp-json\/wp\/v2\/media?parent=6633"}],"wp:term":[{"taxonomy":"category","embeddable":true,"href":"https:\/\/www.levriers-du-sud.org\/site\/wp-json\/wp\/v2\/categories?post=6633"},{"taxonomy":"post_tag","embeddable":true,"href":"https:\/\/www.levriers-du-sud.org\/site\/wp-json\/wp\/v2\/tags?post=6633"}],"curies":[{"name":"wp","href":"https:\/\/api.w.org\/{rel}","templated":true}]}}