{"id":6968,"date":"2011-11-12T14:55:31","date_gmt":"2011-11-12T13:55:31","guid":{"rendered":"http:\/\/www.levriers-du-sud.org\/site\/?p=6968"},"modified":"2011-11-12T15:05:12","modified_gmt":"2011-11-12T14:05:12","slug":"sancho","status":"publish","type":"post","link":"https:\/\/www.levriers-du-sud.org\/site\/12\/11\/2011\/sancho\/","title":{"rendered":"adieu Sancho"},"content":{"rendered":"<p><strong>Type :<\/strong> podenco<br \/>\n<strong>Sexe :<\/strong> m\u00e2le<br \/>\n<strong>Age :<\/strong> 02\/2007<br \/>\n<strong>Sant\u00e9 :<\/strong>n\u00e9gatif aux 3MM, st\u00e9rilis\u00e9<strong><\/strong><\/p>\n<p><strong><br \/>\nNOUS AVONS APPRIS LORS DE NOTRE VOYAGE QUE LE PETIT SANCHO EST MORT D&rsquo;UNE INSUFFISANCE RENALE&#8230; repose en paix <\/strong><\/p>\n<p><strong>Commentaire :<br \/>\n<\/strong>C&rsquo;est un amour de podenco de toute petite taille, \u00e0 poils durs et aux yeux clairs. Il a eu une vie dure, il vivait enferm\u00e9 et sans de bons soins, mais c&rsquo;est un chien confiant et affectueux qui est pr\u00eat \u00e0 vivre dans une famille.Il est ok avec les chats, avec les autres chiens aussi s&rsquo;ils ne sont pas trop dominants et qui ne le provoquent pas, mais en g\u00e9n\u00e9ral, il sort dans le patio avec tous les chiens sans aucun probl\u00e8me. Il est tr\u00e8s sympathique et c\u00e2lin. Il est tr\u00e8s attentif et toujours pr\u00eat \u00e0 apprendre. Il est tr\u00e8s doux.<\/p>\n<p><img loading=\"lazy\" decoding=\"async\" class=\"alignnone size-full wp-image-6969\" title=\"sancho3\" src=\"http:\/\/www.levriers-du-sud.org\/site\/wp-content\/uploads\/2011\/04\/sancho3.jpg\" alt=\"\" width=\"280\" height=\"210\" \/> <img loading=\"lazy\" decoding=\"async\" class=\"alignnone size-full wp-image-6970\" title=\"sancho2\" src=\"http:\/\/www.levriers-du-sud.org\/site\/wp-content\/uploads\/2011\/04\/sancho2.jpg\" alt=\"\" width=\"280\" height=\"210\" \/><!--more--><\/p>\n<p><img loading=\"lazy\" decoding=\"async\" class=\"alignnone size-full wp-image-6971\" title=\"sancho1\" src=\"http:\/\/www.levriers-du-sud.org\/site\/wp-content\/uploads\/2011\/04\/sancho1.jpg\" alt=\"\" width=\"280\" height=\"210\" \/> <img loading=\"lazy\" decoding=\"async\" class=\"alignnone size-full wp-image-6972\" title=\"sancho4\" src=\"http:\/\/www.levriers-du-sud.org\/site\/wp-content\/uploads\/2011\/04\/sancho4.jpg\" alt=\"\" width=\"280\" height=\"210\" \/><\/p>\n","protected":false},"excerpt":{"rendered":"<p>Type : podenco Sexe : m\u00e2le Age : 02\/2007 Sant\u00e9 :n\u00e9gatif aux 3MM, st\u00e9rilis\u00e9 NOUS AVONS APPRIS LORS DE NOTRE VOYAGE QUE LE PETIT SANCHO EST MORT D&rsquo;UNE INSUFFISANCE RENALE&#8230; repose en paix Commentaire : C&rsquo;est un amour de podenco de toute petite taille, \u00e0 poils durs et aux yeux clairs. Il a eu une [&hellip;]<\/p>\n","protected":false},"author":1,"featured_media":0,"comment_status":"open","ping_status":"open","sticky":false,"template":"","format":"standard","meta":{"footnotes":""},"categories":[3],"tags":[],"class_list":["post-6968","post","type-post","status-publish","format-standard","hentry","category-infos-du-jour"],"aioseo_notices":[],"_links":{"self":[{"href":"https:\/\/www.levriers-du-sud.org\/site\/wp-json\/wp\/v2\/posts\/6968","targetHints":{"allow":["GET"]}}],"collection":[{"href":"https:\/\/www.levriers-du-sud.org\/site\/wp-json\/wp\/v2\/posts"}],"about":[{"href":"https:\/\/www.levriers-du-sud.org\/site\/wp-json\/wp\/v2\/types\/post"}],"author":[{"embeddable":true,"href":"https:\/\/www.levriers-du-sud.org\/site\/wp-json\/wp\/v2\/users\/1"}],"replies":[{"embeddable":true,"href":"https:\/\/www.levriers-du-sud.org\/site\/wp-json\/wp\/v2\/comments?post=6968"}],"version-history":[{"count":0,"href":"https:\/\/www.levriers-du-sud.org\/site\/wp-json\/wp\/v2\/posts\/6968\/revisions"}],"wp:attachment":[{"href":"https:\/\/www.levriers-du-sud.org\/site\/wp-json\/wp\/v2\/media?parent=6968"}],"wp:term":[{"taxonomy":"category","embeddable":true,"href":"https:\/\/www.levriers-du-sud.org\/site\/wp-json\/wp\/v2\/categories?post=6968"},{"taxonomy":"post_tag","embeddable":true,"href":"https:\/\/www.levriers-du-sud.org\/site\/wp-json\/wp\/v2\/tags?post=6968"}],"curies":[{"name":"wp","href":"https:\/\/api.w.org\/{rel}","templated":true}]}}