{"id":7565,"date":"2011-11-15T09:10:15","date_gmt":"2011-11-15T08:10:15","guid":{"rendered":"http:\/\/www.levriers-du-sud.org\/site\/?p=7565"},"modified":"2012-01-07T16:07:53","modified_gmt":"2012-01-07T15:07:53","slug":"esmeralda","status":"publish","type":"post","link":"https:\/\/www.levriers-du-sud.org\/site\/15\/11\/2011\/esmeralda\/","title":{"rendered":"Esmeralda ** vol\u00e9e le 21\/11**"},"content":{"rendered":"<p><strong>Type :<\/strong> galgo<br \/>\n<strong>Sexe :<\/strong> femelle<br \/>\n<strong>Age :<\/strong> 05\/2010<br \/>\n<strong>Sant\u00e9\u00a0 :<\/strong>n\u00e9gative aux 3 MM, st\u00e9rilis\u00e9e.<\/p>\n<p><strong>Commentaire :<br \/>\n<\/strong><span style=\"font-size: small;\">Elle a \u00e9t\u00e9 retrouv\u00e9e devant la clinique v\u00e9t\u00e9rinaire, elle errait comme une \u00e2me en peine, maigre mais elle s&rsquo;est laiss\u00e9e approch\u00e9e sans trop de peur. C&rsquo;est la femme\u00a0 du v\u00e9t\u00e9rinaire, ESMERALDA qui s&rsquo;est battue pour que nous la prenions. Au d\u00e9part, nous \u00e9tions satur\u00e9s \u00e0 la pension, elle a \u00e9t\u00e9 prise par le refuge de Linares pour nous d\u00e9panner.<\/span><span style=\"font-size: small;\">Elle est arriv\u00e9e \u00e0 la pension depuis peu et le v\u00e9t\u00e9rinaire a pris \u00e0 sa charge la st\u00e9rilisation, la puce et les vaccins pour nous remercier de la prendre en charge.<\/span><span style=\"font-size: small;\"><br \/>\n<\/span><span style=\"font-size: small;\">Quand elle est arriv\u00e9e \u00e0 la Clinique elle \u00e9tait tr\u00e8s craintive, par la suite elle s&rsquo;est montr\u00e9e tr\u00e8s douce et tr\u00e8s attachante. Ce n&rsquo;est pas une grande galga, elle doit faire moins de 60 cms. C&rsquo;est une chienne active et pleine de vie<\/span><\/p>\n<p><img loading=\"lazy\" decoding=\"async\" class=\"alignnone size-full wp-image-11051\" title=\"esmeralda nov2\" src=\"http:\/\/www.levriers-du-sud.org\/site\/wp-content\/uploads\/2011\/08\/esmeralda-nov2.jpg\" alt=\"\" width=\"280\" height=\"218\" \/> <img loading=\"lazy\" decoding=\"async\" class=\"alignnone size-full wp-image-11052\" title=\"esmeralda nov1\" src=\"http:\/\/www.levriers-du-sud.org\/site\/wp-content\/uploads\/2011\/08\/esmeralda-nov1.jpg\" alt=\"\" width=\"272\" height=\"219\" \/><!--more--><\/p>\n<p>&nbsp;<\/p>\n<p><span style=\"font-size: small;\"><img loading=\"lazy\" decoding=\"async\" class=\"alignnone size-full wp-image-9510\" title=\"esmeralda ne2\" src=\"http:\/\/www.levriers-du-sud.org\/site\/wp-content\/uploads\/2011\/05\/esmeralda-ne2.jpg\" alt=\"\" width=\"265\" height=\"240\" \/> <img loading=\"lazy\" decoding=\"async\" class=\"alignnone size-medium wp-image-9511\" title=\"esmeralda new1\" src=\"http:\/\/www.levriers-du-sud.org\/site\/wp-content\/uploads\/2011\/05\/esmeralda-new1-300x168.jpg\" alt=\"\" width=\"267\" height=\"149\" srcset=\"https:\/\/www.levriers-du-sud.org\/site\/wp-content\/uploads\/2011\/05\/esmeralda-new1-300x168.jpg 300w, https:\/\/www.levriers-du-sud.org\/site\/wp-content\/uploads\/2011\/05\/esmeralda-new1-1024x576.jpg 1024w, https:\/\/www.levriers-du-sud.org\/site\/wp-content\/uploads\/2011\/05\/esmeralda-new1.jpg 1600w\" sizes=\"auto, (max-width: 267px) 100vw, 267px\" \/><br \/>\n<\/span><\/p>\n<p><span style=\"font-size: small;\"><img loading=\"lazy\" decoding=\"async\" class=\"alignnone size-full wp-image-7566\" title=\"Esmeralda -1-\" src=\"http:\/\/www.levriers-du-sud.org\/site\/wp-content\/uploads\/2011\/05\/Esmeralda-1-.jpg\" alt=\"\" width=\"280\" height=\"235\" \/> <img loading=\"lazy\" decoding=\"async\" class=\"alignnone size-full wp-image-7567\" title=\"Esmeralda -3-\" src=\"http:\/\/www.levriers-du-sud.org\/site\/wp-content\/uploads\/2011\/05\/Esmeralda-3-.jpg\" alt=\"\" width=\"256\" height=\"237\" \/><br \/>\n<\/span><\/p>\n<p>&nbsp;<\/p>\n","protected":false},"excerpt":{"rendered":"<p>Type : galgo Sexe : femelle Age : 05\/2010 Sant\u00e9\u00a0 :n\u00e9gative aux 3 MM, st\u00e9rilis\u00e9e. Commentaire : Elle a \u00e9t\u00e9 retrouv\u00e9e devant la clinique v\u00e9t\u00e9rinaire, elle errait comme une \u00e2me en peine, maigre mais elle s&rsquo;est laiss\u00e9e approch\u00e9e sans trop de peur. C&rsquo;est la femme\u00a0 du v\u00e9t\u00e9rinaire, ESMERALDA qui s&rsquo;est battue pour que nous la [&hellip;]<\/p>\n","protected":false},"author":1,"featured_media":0,"comment_status":"open","ping_status":"open","sticky":false,"template":"","format":"standard","meta":{"footnotes":""},"categories":[13],"tags":[],"class_list":["post-7565","post","type-post","status-publish","format-standard","hentry","category-ok-chiens"],"aioseo_notices":[],"_links":{"self":[{"href":"https:\/\/www.levriers-du-sud.org\/site\/wp-json\/wp\/v2\/posts\/7565","targetHints":{"allow":["GET"]}}],"collection":[{"href":"https:\/\/www.levriers-du-sud.org\/site\/wp-json\/wp\/v2\/posts"}],"about":[{"href":"https:\/\/www.levriers-du-sud.org\/site\/wp-json\/wp\/v2\/types\/post"}],"author":[{"embeddable":true,"href":"https:\/\/www.levriers-du-sud.org\/site\/wp-json\/wp\/v2\/users\/1"}],"replies":[{"embeddable":true,"href":"https:\/\/www.levriers-du-sud.org\/site\/wp-json\/wp\/v2\/comments?post=7565"}],"version-history":[{"count":0,"href":"https:\/\/www.levriers-du-sud.org\/site\/wp-json\/wp\/v2\/posts\/7565\/revisions"}],"wp:attachment":[{"href":"https:\/\/www.levriers-du-sud.org\/site\/wp-json\/wp\/v2\/media?parent=7565"}],"wp:term":[{"taxonomy":"category","embeddable":true,"href":"https:\/\/www.levriers-du-sud.org\/site\/wp-json\/wp\/v2\/categories?post=7565"},{"taxonomy":"post_tag","embeddable":true,"href":"https:\/\/www.levriers-du-sud.org\/site\/wp-json\/wp\/v2\/tags?post=7565"}],"curies":[{"name":"wp","href":"https:\/\/api.w.org\/{rel}","templated":true}]}}