{"id":7824,"date":"2011-11-15T09:59:34","date_gmt":"2011-11-15T08:59:34","guid":{"rendered":"http:\/\/www.levriers-du-sud.org\/site\/?p=7824"},"modified":"2012-01-07T16:07:14","modified_gmt":"2012-01-07T15:07:14","slug":"raul","status":"publish","type":"post","link":"https:\/\/www.levriers-du-sud.org\/site\/15\/11\/2011\/raul\/","title":{"rendered":"Raul ** vol\u00e9 le 21\/11**"},"content":{"rendered":"<p><strong>Type :<\/strong> galgo<br \/>\n<strong>Sexe :<\/strong> m\u00e2le<br \/>\n<strong>Age :<\/strong> 3 ans<br \/>\n<strong>Sant\u00e9\u00a0 :<\/strong>n\u00e9gatif aux 3MM<\/p>\n<p><strong>Commentaire:<br \/>\n<\/strong>Raul est un autre galgo sorti par Maria Teresa de la perrera de Linares. Cette perrera est r\u00e9put\u00e9 pour la confidentialit\u00e9 de tout ce qui peut s&rsquo;y passer&#8230; Plus de 60 chiens par jour y sont euthanasi\u00e9s par gazage. C&rsquo;est presque par \u00ab\u00a0effraction\u00a0\u00bb que ces deux galgos ont pu \u00eatre sauv\u00e9s. Il a fallu ruser.<br \/>\nRaul est un grand gaillard plein d&rsquo;\u00e9nergie. Il court partout, il joue, il saute ! Un vrai b\u00e9b\u00e9! Par contre il est un peu dominant avec les autres m\u00e2les. Il est c\u00e2lin et n&rsquo;a absolument pas peur. C&rsquo;est un chien puissant qui a besoin de se d\u00e9penser. Il ressemble un peu \u00e0 Marbello au niveau morphologie, peut etre un peu de greyhound dans ses origines<\/p>\n<p><strong>parrain\u00e9 par Alexandre R 70.00 euros, alexandre r 70 euros<\/strong><\/p>\n<p><strong><br \/>\n<img loading=\"lazy\" decoding=\"async\" class=\"alignnone size-full wp-image-11041\" title=\"raul nov3\" src=\"http:\/\/www.levriers-du-sud.org\/site\/wp-content\/uploads\/2011\/11\/raul-nov3.jpg\" alt=\"\" width=\"280\" height=\"213\" \/>\u00a0<img loading=\"lazy\" decoding=\"async\" class=\"alignnone size-full wp-image-11042\" title=\"raul nov2\" src=\"http:\/\/www.levriers-du-sud.org\/site\/wp-content\/uploads\/2011\/11\/raul-nov2.jpg\" alt=\"\" width=\"260\" height=\"210\" \/><!--more--><img loading=\"lazy\" decoding=\"async\" class=\"alignnone size-full wp-image-11043\" title=\"raul nov1\" src=\"http:\/\/www.levriers-du-sud.org\/site\/wp-content\/uploads\/2011\/11\/raul-nov1.jpg\" alt=\"\" width=\"280\" height=\"210\" \/>\u00a0<img loading=\"lazy\" decoding=\"async\" class=\"alignnone size-full wp-image-11044\" title=\"raul nov4\" src=\"http:\/\/www.levriers-du-sud.org\/site\/wp-content\/uploads\/2011\/11\/raul-nov4.jpg\" alt=\"\" width=\"280\" height=\"245\" \/> <\/strong><\/p>\n<p><img loading=\"lazy\" decoding=\"async\" class=\"alignnone size-full wp-image-9284\" title=\"raul new2\" src=\"http:\/\/www.levriers-du-sud.org\/site\/wp-content\/uploads\/2011\/06\/raul-new2.jpg\" alt=\"\" width=\"280\" height=\"243\" \/> <img loading=\"lazy\" decoding=\"async\" class=\"alignnone size-full wp-image-9286\" title=\"raul new3\" src=\"http:\/\/www.levriers-du-sud.org\/site\/wp-content\/uploads\/2011\/06\/raul-new3.jpg\" alt=\"\" width=\"264\" height=\"243\" \/><!--more--><\/p>\n<p><strong><img loading=\"lazy\" decoding=\"async\" class=\"alignnone size-medium wp-image-7825\" title=\"Raul -2-\" src=\"http:\/\/www.levriers-du-sud.org\/site\/wp-content\/uploads\/2011\/06\/Raul-2--270x300.jpg\" alt=\"\" width=\"252\" height=\"280\" srcset=\"https:\/\/www.levriers-du-sud.org\/site\/wp-content\/uploads\/2011\/06\/Raul-2--270x300.jpg 270w, https:\/\/www.levriers-du-sud.org\/site\/wp-content\/uploads\/2011\/06\/Raul-2-.jpg 280w\" sizes=\"auto, (max-width: 252px) 100vw, 252px\" \/> <img loading=\"lazy\" decoding=\"async\" class=\"alignnone size-full wp-image-7826\" title=\"Raul -1-\" src=\"http:\/\/www.levriers-du-sud.org\/site\/wp-content\/uploads\/2011\/06\/Raul-1-.jpg\" alt=\"\" width=\"289\" height=\"280\" \/><br \/>\n<\/strong><\/p>\n","protected":false},"excerpt":{"rendered":"<p>Type : galgo Sexe : m\u00e2le Age : 3 ans Sant\u00e9\u00a0 :n\u00e9gatif aux 3MM Commentaire: Raul est un autre galgo sorti par Maria Teresa de la perrera de Linares. Cette perrera est r\u00e9put\u00e9 pour la confidentialit\u00e9 de tout ce qui peut s&rsquo;y passer&#8230; Plus de 60 chiens par jour y sont euthanasi\u00e9s par gazage. C&rsquo;est [&hellip;]<\/p>\n","protected":false},"author":1,"featured_media":0,"comment_status":"open","ping_status":"open","sticky":false,"template":"","format":"standard","meta":{"footnotes":""},"categories":[13],"tags":[],"class_list":["post-7824","post","type-post","status-publish","format-standard","hentry","category-ok-chiens"],"aioseo_notices":[],"_links":{"self":[{"href":"https:\/\/www.levriers-du-sud.org\/site\/wp-json\/wp\/v2\/posts\/7824","targetHints":{"allow":["GET"]}}],"collection":[{"href":"https:\/\/www.levriers-du-sud.org\/site\/wp-json\/wp\/v2\/posts"}],"about":[{"href":"https:\/\/www.levriers-du-sud.org\/site\/wp-json\/wp\/v2\/types\/post"}],"author":[{"embeddable":true,"href":"https:\/\/www.levriers-du-sud.org\/site\/wp-json\/wp\/v2\/users\/1"}],"replies":[{"embeddable":true,"href":"https:\/\/www.levriers-du-sud.org\/site\/wp-json\/wp\/v2\/comments?post=7824"}],"version-history":[{"count":0,"href":"https:\/\/www.levriers-du-sud.org\/site\/wp-json\/wp\/v2\/posts\/7824\/revisions"}],"wp:attachment":[{"href":"https:\/\/www.levriers-du-sud.org\/site\/wp-json\/wp\/v2\/media?parent=7824"}],"wp:term":[{"taxonomy":"category","embeddable":true,"href":"https:\/\/www.levriers-du-sud.org\/site\/wp-json\/wp\/v2\/categories?post=7824"},{"taxonomy":"post_tag","embeddable":true,"href":"https:\/\/www.levriers-du-sud.org\/site\/wp-json\/wp\/v2\/tags?post=7824"}],"curies":[{"name":"wp","href":"https:\/\/api.w.org\/{rel}","templated":true}]}}