{"id":7899,"date":"2011-06-12T18:48:57","date_gmt":"2011-06-12T16:48:57","guid":{"rendered":"http:\/\/www.levriers-du-sud.org\/site\/?p=7899"},"modified":"2011-06-12T18:46:43","modified_gmt":"2011-06-12T16:46:43","slug":"journee-collecte-et-information-a-verdun-le-116","status":"publish","type":"post","link":"https:\/\/www.levriers-du-sud.org\/site\/12\/06\/2011\/journee-collecte-et-information-a-verdun-le-116\/","title":{"rendered":"Journ\u00e9e collecte et Information \u00e0 Verdun le 11\/6&#8230; une journ\u00e9e r\u00e9ussie!"},"content":{"rendered":"<p><strong>Encore une tr\u00e8s bonne op\u00e9ration r\u00e9alis\u00e9e par nos b\u00e9n\u00e9voles de choc Solenne et Evelyne ! Merci pour votre d\u00e9vouement !<\/strong><\/p>\n<p>\u00ab\u00a0alors voila, super journ\u00e9e hier!!! On s&rsquo;est rejoints a 9h30 a la  jardinerie LOMBARD a Verdun, nous nous sommes install\u00e9s :table, chaise,  prospectus..;mis les affiches aux  2 entr\u00e9es du magasin!!!<\/p>\n<p>La matin\u00e9e a \u00e9t\u00e9 assez difficile, peu de monde dans le magasin, peu de  contact!! Apr\u00e8s la pause d\u00e9jeuner, \u00e7a a mieux march\u00e9!!! prise de contact avec une personne qui veut \u00eatre famille d\u2019accueil, rencontre d&rsquo;un sympathique couple d\u2019\u00e9leveurs de  braque qui nous propose de participer a pleins d&rsquo;autres \u00e9v\u00e9nements  (brocante, foire agricole de Verdun, salon du chien,&#8230;).<br \/>\nPuis nous avons rencontr\u00e9 des personnes venues pour voir Lovemy gr\u00e2ce a  l&rsquo;article mis dans le journal la veille (article qui parle d&rsquo;Evelyne et Lovemy, et surtout de LDS) qui ont \u00e9t\u00e9 g\u00e9n\u00e9reuses aussi!!!<br \/>\nEnfin pour finir la journ\u00e9e la\u00a0jardinerie LOMBARD nous a fait don d&rsquo;une  palette compl\u00e8te de croquette pour chien (et un peu pour chats). On n&rsquo;\u00e9tait pas sur que tout rentrerait dans ma C3 mais finalement \u00e7a a \u00e9t\u00e9!!!  heureusement que je n&rsquo;avais pas de passager, car il ne restait de place  que pour le conducteur, et en route pour 1h de voiture avec ce lourd  lourd chargement!!<br \/>\nApr\u00e8s comptage on a recolt\u00e9 hier 310kg de croquettes, quelques friandises, et des dons.\u00a0\u00bb<\/p>\n<p>Nous tenions \u00e9galement \u00e0 remercier Monsieur Nemec de la soci\u00e9t\u00e9 N.I.D France qui nous a g\u00e9n\u00e9reuse fait don de 400 kgs de croquettes pour les refuges partenaires. Ces croquettes seront achemin\u00e9es le 10 Juillet sur l&rsquo;Espagne par notre partenaire Murielle de SoliGalgos.<\/p>\n<p><img loading=\"lazy\" decoding=\"async\" class=\"alignnone size-full wp-image-8002\" title=\"verdun animation\" src=\"http:\/\/www.levriers-du-sud.org\/site\/wp-content\/uploads\/2011\/06\/SAM_0128.jpg\" alt=\"\" width=\"280\" height=\"210\" \/> <img loading=\"lazy\" decoding=\"async\" class=\"alignnone size-full wp-image-8005\" title=\"SAM_verdun\" src=\"http:\/\/www.levriers-du-sud.org\/site\/wp-content\/uploads\/2011\/06\/SAM_0121.jpg\" alt=\"\" width=\"280\" height=\"210\" \/><\/p>\n<p><!--more--><\/p>\n<p><img loading=\"lazy\" decoding=\"async\" class=\"alignnone size-full wp-image-8007\" title=\"verdun1\" src=\"http:\/\/www.levriers-du-sud.org\/site\/wp-content\/uploads\/2011\/06\/SAM_0127.jpg\" alt=\"\" width=\"257\" height=\"220\" \/> <img loading=\"lazy\" decoding=\"async\" class=\"alignnone size-full wp-image-8008\" title=\"SAM_0124\" src=\"http:\/\/www.levriers-du-sud.org\/site\/wp-content\/uploads\/2011\/06\/SAM_0124.jpg\" alt=\"\" width=\"293\" height=\"220\" \/><\/p>\n<p><img loading=\"lazy\" decoding=\"async\" class=\"alignnone size-full wp-image-8004\" title=\"verdun\" src=\"http:\/\/www.levriers-du-sud.org\/site\/wp-content\/uploads\/2011\/06\/SAM_0135.jpg\" alt=\"\" width=\"280\" height=\"210\" \/> <img loading=\"lazy\" decoding=\"async\" class=\"alignnone size-full wp-image-8003\" title=\"croq verdun\" src=\"http:\/\/www.levriers-du-sud.org\/site\/wp-content\/uploads\/2011\/06\/SAM_0132.jpg\" alt=\"\" width=\"219\" height=\"211\" \/><\/p>\n<p>&nbsp;<\/p>\n<p>Nos b\u00e9n\u00e9voles sont tr\u00e8s motiv\u00e9es en ce moment !! Apr\u00e8s leur journ\u00e9e du 28\/05, les voil\u00e0 \u00e0 nouveau sur le terrain.<\/p>\n<p>Une journ\u00e9e collecte \u00ab\u00a0croquettes\u00a0\u00bb et information est pr\u00e9vue le 11 Juin 2011 \u00e0 la Jardinerie-animalerie LOMBARD \u00e0 VERDUN (55).<\/p>\n<p><span>Jardinerie Lombard<br \/>\nzone du Dragon ave Metz<br \/>\n55100 Verdun<\/span><\/p>\n<p>Si vous \u00eates sur ce secteur, nous esp\u00e9rons de nombreuses visites!<\/p>\n<p>Merci \u00e0 Solenne et Evelyne pour leur engagement !<\/p>\n","protected":false},"excerpt":{"rendered":"<p>Encore une tr\u00e8s bonne op\u00e9ration r\u00e9alis\u00e9e par nos b\u00e9n\u00e9voles de choc Solenne et Evelyne ! Merci pour votre d\u00e9vouement ! \u00ab\u00a0alors voila, super journ\u00e9e hier!!! On s&rsquo;est rejoints a 9h30 a la jardinerie LOMBARD a Verdun, nous nous sommes install\u00e9s :table, chaise, prospectus..;mis les affiches aux 2 entr\u00e9es du magasin!!! La matin\u00e9e a \u00e9t\u00e9 assez [&hellip;]<\/p>\n","protected":false},"author":1,"featured_media":0,"comment_status":"open","ping_status":"open","sticky":false,"template":"","format":"standard","meta":{"footnotes":""},"categories":[3],"tags":[],"class_list":["post-7899","post","type-post","status-publish","format-standard","hentry","category-infos-du-jour"],"aioseo_notices":[],"_links":{"self":[{"href":"https:\/\/www.levriers-du-sud.org\/site\/wp-json\/wp\/v2\/posts\/7899","targetHints":{"allow":["GET"]}}],"collection":[{"href":"https:\/\/www.levriers-du-sud.org\/site\/wp-json\/wp\/v2\/posts"}],"about":[{"href":"https:\/\/www.levriers-du-sud.org\/site\/wp-json\/wp\/v2\/types\/post"}],"author":[{"embeddable":true,"href":"https:\/\/www.levriers-du-sud.org\/site\/wp-json\/wp\/v2\/users\/1"}],"replies":[{"embeddable":true,"href":"https:\/\/www.levriers-du-sud.org\/site\/wp-json\/wp\/v2\/comments?post=7899"}],"version-history":[{"count":0,"href":"https:\/\/www.levriers-du-sud.org\/site\/wp-json\/wp\/v2\/posts\/7899\/revisions"}],"wp:attachment":[{"href":"https:\/\/www.levriers-du-sud.org\/site\/wp-json\/wp\/v2\/media?parent=7899"}],"wp:term":[{"taxonomy":"category","embeddable":true,"href":"https:\/\/www.levriers-du-sud.org\/site\/wp-json\/wp\/v2\/categories?post=7899"},{"taxonomy":"post_tag","embeddable":true,"href":"https:\/\/www.levriers-du-sud.org\/site\/wp-json\/wp\/v2\/tags?post=7899"}],"curies":[{"name":"wp","href":"https:\/\/api.w.org\/{rel}","templated":true}]}}