{"id":9499,"date":"2011-08-16T14:33:20","date_gmt":"2011-08-16T12:33:20","guid":{"rendered":"http:\/\/www.levriers-du-sud.org\/site\/?p=9499"},"modified":"2011-08-16T14:33:20","modified_gmt":"2011-08-16T12:33:20","slug":"brocante-a-wattronville-14082011","status":"publish","type":"post","link":"https:\/\/www.levriers-du-sud.org\/site\/16\/08\/2011\/brocante-a-wattronville-14082011\/","title":{"rendered":"Brocante \u00e0 Wattronville 14\/08\/2011"},"content":{"rendered":"<p>R\u00e9cit de cette journ\u00e9e racont\u00e9e par Solenne :<\/p>\n<p>Nous sommes arriv\u00e9s vers 9h, super Evelyne avait heureusement pens\u00e9 \u00e0  emmener une tonnelle pour abriter le stand (du soleil???? on l&rsquo;a pas vu)  mais la pluie on en a eu!!!<br \/>\nensuite nous avons tout install\u00e9, sur une moiti\u00e9 de la table des  articles a vendre au profit de l&rsquo;asso, et sur l&rsquo;autre partie des  prospectus, des photos, les articles parus dans les journaux et  magazines!\u00a0 Le temps n&rsquo;a malheureusement pas \u00e9t\u00e9 avec nous, pluie, vent, la tonnelle a m\u00eame failli s&rsquo;envoler et on devait la tenir!<\/p>\n<p>Les chiens ont super bien travaill\u00e9, c&rsquo;\u00e9tait la premi\u00e8re animation avec  Ulysse et il s&rsquo;est bien laiss\u00e9 approcher et caresser!!! Lovemy toujours  timide a bien travaill\u00e9 aussi, elle est plus effray\u00e9 qu&rsquo;Ulysse mais elle  fait des efforts quand m\u00eame!<br \/>\nle couple d\u2019\u00e9leveur de Braque de Weimar, Mr et Mme Pfifferling,\u00a0qui nous  avaient invit\u00e9 \u00e0 faire cette brocante nous ont beaucoup aid\u00e9 aussi,  Monsieur parlant avec coeur de la cause des galgos aux habitants du  village qu&rsquo;il connaissait et aux autres aussi!!!\u00a0 Madame s&rsquo;assurant du  bien \u00eatre de tous, nous permettant de l\u00e2cher un peu les chiens dans un  grand terrain bien cl\u00f4tur\u00e9!! Nous tenons \u00e0 les remercier de tout c\u0153ur  pour leur aide et leur gentillesse!!!<\/p>\n<p>On voudrait \u00e9galement remercier <strong>Royal Canin<\/strong> qui a fait dons de quelques  lots qui ont contribu\u00e9 \u00e0 la somme r\u00e9colt\u00e9e!!! Merci a eux \u00e9galement!\u00a0 Le r\u00e9sultat de cette journ\u00e9e: 119 euros entre les articles vendus et les  dons.<br \/>\nDonc encore un grand merci a Mr et Mme Pfifferling de l\u2019\u00e9levage du bois saint simon (elevage de braque de Weimar)<\/p>\n<p>et un grand merci \u00e0 Evelyne et Solenne !<\/p>\n<p><img loading=\"lazy\" decoding=\"async\" class=\"alignnone size-full wp-image-9501\" title=\"SAM_0440\" src=\"http:\/\/www.levriers-du-sud.org\/site\/wp-content\/uploads\/2011\/08\/SAM_0440.jpg\" alt=\"\" width=\"280\" height=\"210\" \/> <img loading=\"lazy\" decoding=\"async\" class=\"alignnone size-full wp-image-9502\" title=\"SAM_0439\" src=\"http:\/\/www.levriers-du-sud.org\/site\/wp-content\/uploads\/2011\/08\/SAM_0439.jpg\" alt=\"\" width=\"280\" height=\"210\" \/><\/p>\n<p>&nbsp;<\/p>\n","protected":false},"excerpt":{"rendered":"<p>R\u00e9cit de cette journ\u00e9e racont\u00e9e par Solenne : Nous sommes arriv\u00e9s vers 9h, super Evelyne avait heureusement pens\u00e9 \u00e0 emmener une tonnelle pour abriter le stand (du soleil???? on l&rsquo;a pas vu) mais la pluie on en a eu!!! ensuite nous avons tout install\u00e9, sur une moiti\u00e9 de la table des articles a vendre au [&hellip;]<\/p>\n","protected":false},"author":1,"featured_media":0,"comment_status":"open","ping_status":"open","sticky":false,"template":"","format":"standard","meta":{"footnotes":""},"categories":[3],"tags":[],"class_list":["post-9499","post","type-post","status-publish","format-standard","hentry","category-infos-du-jour"],"aioseo_notices":[],"_links":{"self":[{"href":"https:\/\/www.levriers-du-sud.org\/site\/wp-json\/wp\/v2\/posts\/9499","targetHints":{"allow":["GET"]}}],"collection":[{"href":"https:\/\/www.levriers-du-sud.org\/site\/wp-json\/wp\/v2\/posts"}],"about":[{"href":"https:\/\/www.levriers-du-sud.org\/site\/wp-json\/wp\/v2\/types\/post"}],"author":[{"embeddable":true,"href":"https:\/\/www.levriers-du-sud.org\/site\/wp-json\/wp\/v2\/users\/1"}],"replies":[{"embeddable":true,"href":"https:\/\/www.levriers-du-sud.org\/site\/wp-json\/wp\/v2\/comments?post=9499"}],"version-history":[{"count":0,"href":"https:\/\/www.levriers-du-sud.org\/site\/wp-json\/wp\/v2\/posts\/9499\/revisions"}],"wp:attachment":[{"href":"https:\/\/www.levriers-du-sud.org\/site\/wp-json\/wp\/v2\/media?parent=9499"}],"wp:term":[{"taxonomy":"category","embeddable":true,"href":"https:\/\/www.levriers-du-sud.org\/site\/wp-json\/wp\/v2\/categories?post=9499"},{"taxonomy":"post_tag","embeddable":true,"href":"https:\/\/www.levriers-du-sud.org\/site\/wp-json\/wp\/v2\/tags?post=9499"}],"curies":[{"name":"wp","href":"https:\/\/api.w.org\/{rel}","templated":true}]}}