{"id":9684,"date":"2011-08-26T11:13:32","date_gmt":"2011-08-26T09:13:32","guid":{"rendered":"http:\/\/www.levriers-du-sud.org\/site\/?p=9684"},"modified":"2011-08-26T11:13:32","modified_gmt":"2011-08-26T09:13:32","slug":"boutique-colliers-et-manteaux","status":"publish","type":"post","link":"https:\/\/www.levriers-du-sud.org\/site\/26\/08\/2011\/boutique-colliers-et-manteaux\/","title":{"rendered":"Boutique Colliers et Manteaux"},"content":{"rendered":"<p>Nous avons mis pleins de nouveaut\u00e9s dans la boutique Colliers et Manteaux<\/p>\n<p>L&rsquo;automne approche et il faut penser \u00e0 prot\u00e9ger nos toutous de la pluie et du froid !<\/p>\n<p>Venez admirer toutes ces merveilles cr\u00e9\u00e9es par Roudoudou sur<\/p>\n<p><a href=\"http:\/\/les-manteaux-de-levriers-du-sud.over-blog.com\/\">http:\/\/les-manteaux-de-levriers-du-sud.over-blog.com\/<\/a><\/p>\n<p>&nbsp;<\/p>\n<p><img loading=\"lazy\" decoding=\"async\" class=\"alignnone size-full wp-image-9685\" title=\"DSC08302\" src=\"http:\/\/www.levriers-du-sud.org\/site\/wp-content\/uploads\/2011\/08\/DSC08302.jpg\" alt=\"\" width=\"280\" height=\"187\" \/> <img loading=\"lazy\" decoding=\"async\" class=\"alignnone size-full wp-image-9686\" title=\"DSC08231\" src=\"http:\/\/www.levriers-du-sud.org\/site\/wp-content\/uploads\/2011\/08\/DSC08231.jpg\" alt=\"\" width=\"280\" height=\"187\" \/><\/p>\n<p>&nbsp;<\/p>\n","protected":false},"excerpt":{"rendered":"<p>Nous avons mis pleins de nouveaut\u00e9s dans la boutique Colliers et Manteaux L&rsquo;automne approche et il faut penser \u00e0 prot\u00e9ger nos toutous de la pluie et du froid ! Venez admirer toutes ces merveilles cr\u00e9\u00e9es par Roudoudou sur http:\/\/les-manteaux-de-levriers-du-sud.over-blog.com\/ &nbsp; &nbsp;<\/p>\n","protected":false},"author":1,"featured_media":0,"comment_status":"open","ping_status":"open","sticky":false,"template":"","format":"standard","meta":{"footnotes":""},"categories":[3],"tags":[],"class_list":["post-9684","post","type-post","status-publish","format-standard","hentry","category-infos-du-jour"],"aioseo_notices":[],"_links":{"self":[{"href":"https:\/\/www.levriers-du-sud.org\/site\/wp-json\/wp\/v2\/posts\/9684","targetHints":{"allow":["GET"]}}],"collection":[{"href":"https:\/\/www.levriers-du-sud.org\/site\/wp-json\/wp\/v2\/posts"}],"about":[{"href":"https:\/\/www.levriers-du-sud.org\/site\/wp-json\/wp\/v2\/types\/post"}],"author":[{"embeddable":true,"href":"https:\/\/www.levriers-du-sud.org\/site\/wp-json\/wp\/v2\/users\/1"}],"replies":[{"embeddable":true,"href":"https:\/\/www.levriers-du-sud.org\/site\/wp-json\/wp\/v2\/comments?post=9684"}],"version-history":[{"count":0,"href":"https:\/\/www.levriers-du-sud.org\/site\/wp-json\/wp\/v2\/posts\/9684\/revisions"}],"wp:attachment":[{"href":"https:\/\/www.levriers-du-sud.org\/site\/wp-json\/wp\/v2\/media?parent=9684"}],"wp:term":[{"taxonomy":"category","embeddable":true,"href":"https:\/\/www.levriers-du-sud.org\/site\/wp-json\/wp\/v2\/categories?post=9684"},{"taxonomy":"post_tag","embeddable":true,"href":"https:\/\/www.levriers-du-sud.org\/site\/wp-json\/wp\/v2\/tags?post=9684"}],"curies":[{"name":"wp","href":"https:\/\/api.w.org\/{rel}","templated":true}]}}