{"id":9850,"date":"2011-11-14T19:45:10","date_gmt":"2011-11-14T18:45:10","guid":{"rendered":"http:\/\/www.levriers-du-sud.org\/site\/?p=9850"},"modified":"2012-01-07T16:07:31","modified_gmt":"2012-01-07T15:07:31","slug":"cassius","status":"publish","type":"post","link":"https:\/\/www.levriers-du-sud.org\/site\/14\/11\/2011\/cassius\/","title":{"rendered":"Cassius ** vol\u00e9 le 21\/11**"},"content":{"rendered":"<p><strong>Type :<\/strong> galgo<br \/>\n<strong>Sexe :<\/strong> m\u00e2le<br \/>\n<strong>Age :<\/strong> 06\/2009<br \/>\n<strong>Sant\u00e9\u00a0 :<\/strong> negatif aux 3MM, trait\u00e9 pour sa dermatite (maladie de peau) et gu\u00e9ri<\/p>\n<p><strong>Commentaire :<br \/>\n<\/strong>Encore un Sos de Esmeralda, la femme de notre v\u00e9t\u00e9rinaire espagnol :<strong><br \/>\n<\/strong><span style=\"font-size: small;\">\u00ab\u00a0Il \u00e9tait pr\u00e8s d&rsquo;un container \u00e0 la sortie de Bailen, il mangeait \u00e0 m\u00eame le sol, j&rsquo;ai frein\u00e9 par instinct, comme vous le savez, et lorsque j&rsquo;ai vu sa peau&#8230; Eh bien, je suis descendu du v\u00e9hicule et j&rsquo;ai essay\u00e9 de l&rsquo;attraper, il n&rsquo;a pas beaucoup r\u00e9sist\u00e9, je lui ai mis le collier et la laisse et au retour \u00e0 la clinique, il pleurnichait, pourquoi, parce qu&rsquo;il ne veut pas rester seul, si nous sommes \u00e0 l&rsquo;int\u00e9rieur ou \u00e0 l&rsquo;ext\u00e9rieur, il se tait, je lui ai donn\u00e9 un super bain, je ne sais pas o\u00f9 il a \u00e9t\u00e9, mais il a fallu s&rsquo;y reprendre \u00e0 quatre fois avec le savon et la clorhexidine pour lui enlever la salet\u00e9. Il est sorti \u00e9norm\u00e9ment de graisse noire, je ne comprends pas pourquoi, il semblerait qu&rsquo;il a v\u00e9cu dans une casse auto, il est tout noir, et toute la peau qu&rsquo;il perdait \u00e9tait noire \u00e9galement, tant elle \u00e9tait sale.<\/span><span style=\"font-size: small;\"><br \/>\n<\/span><span style=\"font-size: small;\">Il s&rsquo;est super bien comport\u00e9, en seulement quelques heures il nous a fait confiance, il est encore un peu peureux, d\u00e8s qu&rsquo;on lui parle il remue la queue, et si on s&rsquo;approche, il te l\u00e8che. Il \u00e9tait plein de parasites, il a \u00e9vacu\u00e9 une grande quantit\u00e9 de vers, mais il est content, il mange et boit beaucoup et il est tr\u00e8s joyeux, maintenant\u00a0 il faut attendre les analyses de demain avec chance, voyons ce qu&rsquo;ils auront trouv\u00e9.<\/span><span style=\"font-size: small;\"><br \/>\n<\/span><span style=\"font-size: small;\">Et pour l&rsquo;heure, rien de plus, vous voyez comme il est beau, et d\u00e8s que ses poils pousseront vous verrez comme il sera superbe.<\/span><span style=\"font-size: small;\">\u00a0\u00bb<br \/>\nLes analyses sont bonnes, aucunes maladies, juste une dermatite, li\u00e9e \u00e0 la salet\u00e9 dans laquelle il a v\u00e9cu, et qui en cours de traitement.<\/span><br \/>\nNous avons vu Cassius lors du voyage du 11 novembre, et c&rsquo;est un chien splendide, en pleine sant\u00e9. Il n&rsquo;est pas craintif et il recherche les caresses. Il est actif et sociable. Il n&rsquo;a plus aucun probl\u00e8me de peau.<\/p>\n<p><strong>Parrain\u00e9 par Laurence J 27 euros, laurence J 25.00 euros<\/strong><\/p>\n<p><img loading=\"lazy\" decoding=\"async\" class=\"alignnone size-full wp-image-11013\" title=\"cassius niv5\" src=\"http:\/\/www.levriers-du-sud.org\/site\/wp-content\/uploads\/2011\/09\/cassius-niv5.jpg\" alt=\"\" width=\"280\" height=\"210\" \/> <img loading=\"lazy\" decoding=\"async\" class=\"alignnone size-full wp-image-11014\" title=\"cassius nov6\" src=\"http:\/\/www.levriers-du-sud.org\/site\/wp-content\/uploads\/2011\/09\/cassius-nov6.jpg\" alt=\"\" width=\"257\" height=\"207\" \/><!--more--><img loading=\"lazy\" decoding=\"async\" class=\"alignnone size-full wp-image-11015\" title=\"cassius nov 4\" src=\"http:\/\/www.levriers-du-sud.org\/site\/wp-content\/uploads\/2011\/09\/cassius-nov-4.jpg\" alt=\"\" width=\"280\" height=\"210\" \/> <img loading=\"lazy\" decoding=\"async\" class=\"alignnone size-medium wp-image-11016\" title=\"cassius nov3\" src=\"http:\/\/www.levriers-du-sud.org\/site\/wp-content\/uploads\/2011\/09\/cassius-nov3-260x300.jpg\" alt=\"\" width=\"260\" height=\"300\" srcset=\"https:\/\/www.levriers-du-sud.org\/site\/wp-content\/uploads\/2011\/09\/cassius-nov3-260x300.jpg 260w, https:\/\/www.levriers-du-sud.org\/site\/wp-content\/uploads\/2011\/09\/cassius-nov3.jpg 601w\" sizes=\"auto, (max-width: 260px) 100vw, 260px\" \/><\/p>\n<p><strong><br \/>\n<\/strong><\/p>\n<p>&nbsp;<\/p>\n<p><img loading=\"lazy\" decoding=\"async\" class=\"alignnone size-full wp-image-9852\" title=\"cassius1\" src=\"http:\/\/www.levriers-du-sud.org\/site\/wp-content\/uploads\/2011\/09\/cassius1.jpg\" alt=\"\" width=\"280\" height=\"210\" \/>\u00a0<img loading=\"lazy\" decoding=\"async\" class=\"alignnone size-full wp-image-9853\" title=\"cassius2\" src=\"http:\/\/www.levriers-du-sud.org\/site\/wp-content\/uploads\/2011\/09\/cassius2.jpg\" alt=\"\" width=\"280\" height=\"210\" \/><!--more--><img loading=\"lazy\" decoding=\"async\" class=\"alignnone size-medium wp-image-9854\" title=\"cassius\" src=\"http:\/\/www.levriers-du-sud.org\/site\/wp-content\/uploads\/2011\/09\/cassius-276x300.jpg\" alt=\"\" width=\"255\" height=\"276\" srcset=\"https:\/\/www.levriers-du-sud.org\/site\/wp-content\/uploads\/2011\/09\/cassius-276x300.jpg 276w, https:\/\/www.levriers-du-sud.org\/site\/wp-content\/uploads\/2011\/09\/cassius.jpg 280w\" sizes=\"auto, (max-width: 255px) 100vw, 255px\" \/>\u00a0<img loading=\"lazy\" decoding=\"async\" class=\"alignnone size-full wp-image-9855\" title=\"cassius3\" src=\"http:\/\/www.levriers-du-sud.org\/site\/wp-content\/uploads\/2011\/09\/cassius3.jpg\" alt=\"\" width=\"285\" height=\"274\" \/> <strong><br \/>\n<\/strong><\/p>\n","protected":false},"excerpt":{"rendered":"<p>Type : galgo Sexe : m\u00e2le Age : 06\/2009 Sant\u00e9\u00a0 : negatif aux 3MM, trait\u00e9 pour sa dermatite (maladie de peau) et gu\u00e9ri Commentaire : Encore un Sos de Esmeralda, la femme de notre v\u00e9t\u00e9rinaire espagnol : \u00ab\u00a0Il \u00e9tait pr\u00e8s d&rsquo;un container \u00e0 la sortie de Bailen, il mangeait \u00e0 m\u00eame le sol, j&rsquo;ai frein\u00e9 [&hellip;]<\/p>\n","protected":false},"author":1,"featured_media":0,"comment_status":"open","ping_status":"open","sticky":false,"template":"","format":"standard","meta":{"footnotes":""},"categories":[13],"tags":[],"class_list":["post-9850","post","type-post","status-publish","format-standard","hentry","category-ok-chiens"],"aioseo_notices":[],"_links":{"self":[{"href":"https:\/\/www.levriers-du-sud.org\/site\/wp-json\/wp\/v2\/posts\/9850","targetHints":{"allow":["GET"]}}],"collection":[{"href":"https:\/\/www.levriers-du-sud.org\/site\/wp-json\/wp\/v2\/posts"}],"about":[{"href":"https:\/\/www.levriers-du-sud.org\/site\/wp-json\/wp\/v2\/types\/post"}],"author":[{"embeddable":true,"href":"https:\/\/www.levriers-du-sud.org\/site\/wp-json\/wp\/v2\/users\/1"}],"replies":[{"embeddable":true,"href":"https:\/\/www.levriers-du-sud.org\/site\/wp-json\/wp\/v2\/comments?post=9850"}],"version-history":[{"count":0,"href":"https:\/\/www.levriers-du-sud.org\/site\/wp-json\/wp\/v2\/posts\/9850\/revisions"}],"wp:attachment":[{"href":"https:\/\/www.levriers-du-sud.org\/site\/wp-json\/wp\/v2\/media?parent=9850"}],"wp:term":[{"taxonomy":"category","embeddable":true,"href":"https:\/\/www.levriers-du-sud.org\/site\/wp-json\/wp\/v2\/categories?post=9850"},{"taxonomy":"post_tag","embeddable":true,"href":"https:\/\/www.levriers-du-sud.org\/site\/wp-json\/wp\/v2\/tags?post=9850"}],"curies":[{"name":"wp","href":"https:\/\/api.w.org\/{rel}","templated":true}]}}